{"id":5268,"date":"2024-03-13T08:34:53","date_gmt":"2024-03-13T12:34:53","guid":{"rendered":"https:\/\/jornaloalvorada.com.br\/site\/?p=5268"},"modified":"2024-03-13T13:38:31","modified_gmt":"2024-03-13T17:38:31","slug":"pagamento-do-13o-para-aposentados-e-pensionistas-do-inss-e-antecipado-pelo-governo-confira-as-datas","status":"publish","type":"post","link":"https:\/\/jornaloalvorada.com.br\/site\/2024\/03\/13\/pagamento-do-13o-para-aposentados-e-pensionistas-do-inss-e-antecipado-pelo-governo-confira-as-datas\/","title":{"rendered":"Pagamento do 13\u00ba para aposentados e pensionistas do INSS \u00e9 antecipado pelo governo; confira as datas"},"content":{"rendered":"\n<p>O l\u00edder do Partido dos Trabalhadores, Lula, efetuou a assinatura de um decreto que antecipa o pagamento do abono anual para os benefici\u00e1rios da Previd\u00eancia Social, popularmente conhecido como \u201c13\u00ba do INSS\u201d. A decis\u00e3o foi oficializada nesta quarta-feira (13).<\/p>\n\n\n\n<p>Ter\u00e3o direito ao abono aqueles que, no ano de 2024, tenham recebido aux\u00edlio por incapacidade tempor\u00e1ria, aux\u00edlio-acidente, aposentadoria, pens\u00e3o por morte ou aux\u00edlio-reclus\u00e3o da Previd\u00eancia Social.<\/p>\n\n\n\n<p>De acordo com o decreto, o abono ser\u00e1 pago em duas parcelas:<\/p>\n\n\n\n<ul class=\"wp-block-list\">\n<li>a primeira ser\u00e1 depositada junto com o benef\u00edcio de&nbsp;<strong>abril<\/strong>;<\/li>\n\n\n\n<li>a segunda ser\u00e1 depositada junto com o benef\u00edcio de&nbsp;<strong>maio<\/strong>.<\/li>\n<\/ul>\n\n\n\n<p>Geralmente, o abono \u00e9 pago no segundo semestre de cada ano. No entanto, nos \u00faltimos anos, o governo antecipou o benef\u00edcio com o objetivo de estimular a economia.<\/p>\n\n\n\n<p>Em 2022 e 2023, por exemplo, o abono foi pago em maio e junho.<\/p>\n\n\n\n<p>At\u00e9 a publica\u00e7\u00e3o desta reportagem, o governo n\u00e3o havia divulgado quantas pessoas seriam beneficiadas pela medida.<\/p>\n\n\n\n<h2 class=\"wp-block-heading\">Calend\u00e1rio<\/h2>\n\n\n\n<p>Veja, a seguir, o calend\u00e1rio de pagamentos de benef\u00edcios do INSS para abril e maio de 2024.<\/p>\n\n\n\n<figure class=\"wp-block-image\"><img decoding=\"async\" src=\"https:\/\/terrabrasilnoticias.com\/wp-content\/uploads\/2024\/03\/image-156.png\" alt=\"\"\/><\/figure>\n\n\n\n<figure class=\"wp-block-image\"><img decoding=\"async\" src=\"https:\/\/terrabrasilnoticias.com\/wp-content\/uploads\/2024\/03\/image-157.png\" alt=\"\"\/><\/figure>\n\n\n\n<p><strong><em>Com informa\u00e7\u00f5es de G1<\/em><\/strong><\/p>\n","protected":false},"excerpt":{"rendered":"<p>O l\u00edder do Partido dos Trabalhadores, Lula, efetuou a assinatura de um decreto que antecipa o pagamento do abono anual<\/p>\n","protected":false},"author":1,"featured_media":5269,"comment_status":"open","ping_status":"open","sticky":false,"template":"","format":"standard","meta":{"footnotes":""},"categories":[2],"tags":[],"class_list":["post-5268","post","type-post","status-publish","format-standard","has-post-thumbnail","hentry","category-noticias"],"_links":{"self":[{"href":"https:\/\/jornaloalvorada.com.br\/site\/wp-json\/wp\/v2\/posts\/5268","targetHints":{"allow":["GET"]}}],"collection":[{"href":"https:\/\/jornaloalvorada.com.br\/site\/wp-json\/wp\/v2\/posts"}],"about":[{"href":"https:\/\/jornaloalvorada.com.br\/site\/wp-json\/wp\/v2\/types\/post"}],"author":[{"embeddable":true,"href":"https:\/\/jornaloalvorada.com.br\/site\/wp-json\/wp\/v2\/users\/1"}],"replies":[{"embeddable":true,"href":"https:\/\/jornaloalvorada.com.br\/site\/wp-json\/wp\/v2\/comments?post=5268"}],"version-history":[{"count":1,"href":"https:\/\/jornaloalvorada.com.br\/site\/wp-json\/wp\/v2\/posts\/5268\/revisions"}],"predecessor-version":[{"id":5270,"href":"https:\/\/jornaloalvorada.com.br\/site\/wp-json\/wp\/v2\/posts\/5268\/revisions\/5270"}],"wp:featuredmedia":[{"embeddable":true,"href":"https:\/\/jornaloalvorada.com.br\/site\/wp-json\/wp\/v2\/media\/5269"}],"wp:attachment":[{"href":"https:\/\/jornaloalvorada.com.br\/site\/wp-json\/wp\/v2\/media?parent=5268"}],"wp:term":[{"taxonomy":"category","embeddable":true,"href":"https:\/\/jornaloalvorada.com.br\/site\/wp-json\/wp\/v2\/categories?post=5268"},{"taxonomy":"post_tag","embeddable":true,"href":"https:\/\/jornaloalvorada.com.br\/site\/wp-json\/wp\/v2\/tags?post=5268"}],"curies":[{"name":"wp","href":"https:\/\/api.w.org\/{rel}","templated":true}]}}