{"id":5260,"date":"2024-03-12T14:51:38","date_gmt":"2024-03-12T18:51:38","guid":{"rendered":"https:\/\/jornaloalvorada.com.br\/site\/?p=5260"},"modified":"2024-03-13T13:38:20","modified_gmt":"2024-03-13T17:38:20","slug":"sabado-sertanejo-na-feira-municipal-antenor-ferreira-maciel-acontece-em-16-de-marco","status":"publish","type":"post","link":"https:\/\/jornaloalvorada.com.br\/site\/2024\/03\/12\/sabado-sertanejo-na-feira-municipal-antenor-ferreira-maciel-acontece-em-16-de-marco\/","title":{"rendered":"S\u00e1bado Sertanejo na Feira Municipal Antenor Ferreira Maciel acontece em 16 de mar\u00e7o"},"content":{"rendered":"\n<p>Est\u00e1 chegando o S\u00e1bado Sertanejo na Feira Municipal Antenor Ferreira Maciel e contar\u00e1 com apresenta\u00e7\u00f5es de v\u00e1rios artistas do nosso munic\u00edpio.<\/p>\n\n\n\n<figure class=\"wp-block-image size-full\"><img loading=\"lazy\" decoding=\"async\" width=\"512\" height=\"640\" src=\"https:\/\/jornaloalvorada.com.br\/site\/wp-content\/uploads\/2024\/03\/sabado-sertanejo.jpg\" alt=\"\" class=\"wp-image-5262\" srcset=\"https:\/\/jornaloalvorada.com.br\/site\/wp-content\/uploads\/2024\/03\/sabado-sertanejo.jpg 512w, https:\/\/jornaloalvorada.com.br\/site\/wp-content\/uploads\/2024\/03\/sabado-sertanejo-240x300.jpg 240w\" sizes=\"auto, (max-width: 512px) 100vw, 512px\" \/><\/figure>\n","protected":false},"excerpt":{"rendered":"<p>Est\u00e1 chegando o S\u00e1bado Sertanejo na Feira Municipal Antenor Ferreira Maciel e contar\u00e1 com apresenta\u00e7\u00f5es de v\u00e1rios artistas do nosso<\/p>\n","protected":false},"author":1,"featured_media":5261,"comment_status":"open","ping_status":"open","sticky":false,"template":"","format":"standard","meta":{"footnotes":""},"categories":[2],"tags":[],"class_list":["post-5260","post","type-post","status-publish","format-standard","has-post-thumbnail","hentry","category-noticias"],"_links":{"self":[{"href":"https:\/\/jornaloalvorada.com.br\/site\/wp-json\/wp\/v2\/posts\/5260","targetHints":{"allow":["GET"]}}],"collection":[{"href":"https:\/\/jornaloalvorada.com.br\/site\/wp-json\/wp\/v2\/posts"}],"about":[{"href":"https:\/\/jornaloalvorada.com.br\/site\/wp-json\/wp\/v2\/types\/post"}],"author":[{"embeddable":true,"href":"https:\/\/jornaloalvorada.com.br\/site\/wp-json\/wp\/v2\/users\/1"}],"replies":[{"embeddable":true,"href":"https:\/\/jornaloalvorada.com.br\/site\/wp-json\/wp\/v2\/comments?post=5260"}],"version-history":[{"count":1,"href":"https:\/\/jornaloalvorada.com.br\/site\/wp-json\/wp\/v2\/posts\/5260\/revisions"}],"predecessor-version":[{"id":5263,"href":"https:\/\/jornaloalvorada.com.br\/site\/wp-json\/wp\/v2\/posts\/5260\/revisions\/5263"}],"wp:featuredmedia":[{"embeddable":true,"href":"https:\/\/jornaloalvorada.com.br\/site\/wp-json\/wp\/v2\/media\/5261"}],"wp:attachment":[{"href":"https:\/\/jornaloalvorada.com.br\/site\/wp-json\/wp\/v2\/media?parent=5260"}],"wp:term":[{"taxonomy":"category","embeddable":true,"href":"https:\/\/jornaloalvorada.com.br\/site\/wp-json\/wp\/v2\/categories?post=5260"},{"taxonomy":"post_tag","embeddable":true,"href":"https:\/\/jornaloalvorada.com.br\/site\/wp-json\/wp\/v2\/tags?post=5260"}],"curies":[{"name":"wp","href":"https:\/\/api.w.org\/{rel}","templated":true}]}}