{"id":52,"date":"2023-02-01T19:58:22","date_gmt":"2023-02-01T22:58:22","guid":{"rendered":"https:\/\/jornaloalvorada.com.br\/site\/?p=52"},"modified":"2023-02-01T19:58:25","modified_gmt":"2023-02-01T22:58:25","slug":"com-23-votos-gerson-claro-e-eleito-presidente-da-assembleia-legislativa-de-ms","status":"publish","type":"post","link":"https:\/\/jornaloalvorada.com.br\/site\/2023\/02\/01\/com-23-votos-gerson-claro-e-eleito-presidente-da-assembleia-legislativa-de-ms\/","title":{"rendered":"Com 23 votos, Gerson Claro \u00e9 eleito presidente da Assembleia Legislativa de MS"},"content":{"rendered":"\n<p>O deputado estadual Gerson Claro (PP) foi eleito na manh\u00e3 desta quarta-feira (1\u00ba) presidente da Alems (Assembleia Legislativa do Estado de Mato Grosso do Sul). Ele obteve 23 votos durante sess\u00e3o extraordin\u00e1ria.<\/p>\n\n\n\n<p>Mais cedo, em sess\u00e3o solene, os 24 deputados estaduais <a href=\"https:\/\/midiamax.uol.com.br\/politica\/2023\/deputados-estaduais-tomam-posse-e-iniciam-nova-legislatura-na-assembleia-de-ms\/\" target=\"_blank\" rel=\"noreferrer noopener\">foram empossados<\/a>. Foram 17 reeleitos, seis novatos e um retorno. Houve uma chapa de consenso para a <a href=\"https:\/\/al.ms.gov.br\/MesaDiretora\" target=\"_blank\" rel=\"noreferrer noopener\">Mesa Diretora<\/a> e candidaturas avulsas.<\/p>\n\n\n\n<p>Rafael Tavares (PRTB) disputou contra Claro e teve apenas o pr\u00f3prio voto.<\/p>\n\n\n\n<p>Para primeiro-secret\u00e1rio, venceu Paulo Corr\u00eaa (PSDB), com 19 votos. Jo\u00e3o Henrique Catan (PL) se candidatou individualmente e obteve 5 votos.<\/p>\n\n\n\n<p>Pedro Kemp (PT) foi eleito segundo-secret\u00e1rio, com 16 votos. Coronel David (PL) disputou com candidatura avulsa e conquistou 8 votos.<\/p>\n\n\n\n<p>Renato C\u00e2mara (MDB) \u00e9 o novo primeiro vice-presidente, obtendo 24 votos. Z\u00e9 Teixeira (PSDB) venceu a elei\u00e7\u00e3o para o cargo de segundo vice-presidente, com 24 votos.<\/p>\n\n\n\n<p>Mara Caseiro (PSDB) teve 24 votos para terceira vice-presidente e acabou eleita. E Lucas de Lima (PDT) foi eleito terceiro-secret\u00e1rio com 24 votos.<\/p>\n\n\n\n<h3 class=\"wp-block-heading\" id=\"h-saiba-quem-sao-os-deputados-estaduais-da-12\u00aa-legislatura\">Saiba quem s\u00e3o os deputados estaduais da 12\u00aa Legislatura:<\/h3>\n\n\n\n<p>Mara Caseiro (PSDB) foi reeleita com 49.512 votos. Formada em Odontologia pela Unoeste (Universidade do Oeste Paulista), foi vereadora e prefeita de Eldorado. Atuou como diretora-presidente da FCMS (Funda\u00e7\u00e3o de Cultura) e exercer\u00e1 o quarto mandato na Assembleia Legislativa.<\/p>\n\n\n\n<p>Paulo Corr\u00eaa (PSDB) foi reeleito com 49.184 votos. Nasceu em Campo Grande no dia 24 de julho de 1957. Formado em Engenharia Civil, come\u00e7ou a carreira pol\u00edtica como secret\u00e1rio de Estado de Habita\u00e7\u00e3o e Desenvolvimento Urbano. Desde 1997, ocupa uma cadeira no Legislativo estadual.<\/p>\n\n\n\n<p>Zeca do PT foi eleito com 47.193 votos. Nasceu em 24 de fevereiro de 1950, em Porto Murtinho. Banc\u00e1rio, ele j\u00e1 foi deputado federal (2015-2019), vereador de Campo Grande (2013-2017), deputado estadual (1990-1998) e governador de Mato Grosso do Sul (1999-2006).<\/p>\n\n\n\n<p>Jamilson Name (PSDB) foi reeleito com 43.435 votos. Ele \u00e9 empres\u00e1rio e nasceu no munic\u00edpio de Sidrol\u00e2ndia, em 16 de setembro de 1980, e vai ocupar pela segunda vez uma cadeira no Legislativo estadual.<\/p>\n\n\n\n<p>Z\u00e9 Teixeira (PSDB) foi reeleito com 39.329 votos. Pecuarista e representante da grande Dourados, \u00e9 natural do Estado da Bahia e est\u00e1 no Mato Grosso do Sul desde 1962. Assumir\u00e1 o oitavo mandato parlamentar.<\/p>\n\n\n\n<p>L\u00eddio Lopes (Patriota) foi reeleito com 32.412 votos. Advogado e funcion\u00e1rio de carreira do TCE-MS (Tribunal de Contas do Estado), ele nasceu no munic\u00edpio de Iguatemi, no dia 5 de agosto de 1966.<\/p>\n\n\n\n<p>Pedro Caravina (PSDB) foi leito com 31.952 votos. Nascido em Presidente Prudente, no dia 30 de junho de 1970, ele foi delegado da Pol\u00edcia Civil, prefeito de Bataguassu, presidente da <a href=\"https:\/\/midiamax.uol.com.br\/tag\/assomasul\/\">Assomasul<\/a> (Associa\u00e7\u00e3o dos Munic\u00edpios de Mato Grosso do Sul) e secret\u00e1rio-adjunto de Estado de Infraestrutura. Atualmente, \u00e9 secret\u00e1rio de Estado de Governo e Gest\u00e3o Estrat\u00e9gica e deve <a href=\"https:\/\/midiamax.uol.com.br\/politica\/2023\/joao-cesar-renuncia-mandato-de-vereador-para-assumir-vaga-de-deputado-estadual\/\" target=\"_blank\" rel=\"noreferrer noopener\">deixar a cadeira para Jo\u00e3o C\u00e9sar Matogrosso (PSDB)<\/a>.<\/p>\n\n\n\n<p>Coronel David (PL) foi reeleito com 31.480 votos. Militar reformado, ele j\u00e1 foi comandante-geral da Pol\u00edcia Militar, da PMA (Pol\u00edcia Militar Ambiental) e da Pol\u00edcia Militar Rodovi\u00e1ria. Nasceu no dia 27 de janeiro de 1965, em Campo Grande.<\/p>\n\n\n\n<p>Pedro Kemp (PT) foi reeleito com 27.969 votos para o sexto mandato como deputado estadual. Nasceu em Presidente Prudente, interior de S\u00e3o Paulo, no dia 5 de maio de 1962. Psic\u00f3logo, iniciou a carreira pol\u00edtica como vereador em Campo Grande no ano de 1996, al\u00e9m de ter sido secret\u00e1rio de Estado de Educa\u00e7\u00e3o.<\/p>\n\n\n\n<p>Lucas de Lima (PDT) foi reeleito com 26.575 votos. Natural de S\u00e3o Martinho do Oeste, interior de S\u00e3o Paulo, ele \u00e9 radialista e assume o segundo mandato no Parlamento estadual.<\/p>\n\n\n\n<p>Junior Mochi (MDB) foi eleito com 26.108 votos. Natural de It\u00e1polis (SP), ele \u00e9 advogado e presidente estadual do MDB. Foi prefeito de Coxim (1996-2004) e deputado estadual (2006-2014).<\/p>\n\n\n\n<p>Jo\u00e3o Henrique (PL) foi reeleito com 25.914 votos para o segundo mandato na Alems. Advogado, ele nasceu em Campo Grande no dia 19 de abril de 1988.<\/p>\n\n\n\n<p><a href=\"https:\/\/midiamax.uol.com.br\/tag\/gerson-claro\/\">Gerson Claro<\/a> (PP) foi reeleito com 25.839 votos. Nasceu no munic\u00edpio de Itapor\u00e3 em 8 de novembro de 1967. Formado em Direito, foi diretor-presidente do Detran\/MS (Departamento Estadual de Tr\u00e2nsito) e segue para o segundo mandato.<\/p>\n\n\n\n<p>Londres Machado (PP) foi reeleito com 25.691 votos. Nascido em 3 de fevereiro de 1942, no munic\u00edpio de Rio Brilhante, conquistou o 14\u00ba mandato como deputado estadual. Foi presidente do Parlamento estadual por mais de uma vez e participou das Assembleias Constituintes em 1978 e 1988.<\/p>\n\n\n\n<p>Ant\u00f4nio Vaz (Republicanos) foi reeleito com 19.395 votos. Nasceu no dia 23 de setembro de 1964, em Sorocaba, interior paulista. J\u00e1 foi vereador em Itapevi, na grande S\u00e3o Paulo, e garantiu o segundo mandato de deputado estadual.<\/p>\n\n\n\n<p>Rafael Tavares (PRTB) foi eleito com 18.224 votos. Com 37 anos, estreia sua vida p\u00fablica como deputado estadual. Nascido em Campo Grande \u00e9 empres\u00e1rio e fundador do movimento conservador EndireitaMS.<\/p>\n\n\n\n<p>Renato C\u00e2mara (MDB) foi reeleito com 17.756 votos. Nascido em 7 de setembro de 1972, ele \u00e9 engenheiro agr\u00f4nomo. Foi prefeito de Ivinhema e chega ao seu terceiro mandato parlamentar.<\/p>\n\n\n\n<p>Amarildo Cruz (PT) foi reeleito com 17.249 votos. Fiscal tribut\u00e1rio estadual, ele j\u00e1 foi diretor-presidente da Agehab (Ag\u00eancia de Habita\u00e7\u00e3o), superintendente do <a href=\"https:\/\/midiamax.uol.com.br\/tag\/ibama\/\">Ibama<\/a> (Instituto Brasileiro do Meio Ambiente e dos Recursos Naturais Renov\u00e1veis) em Mato Grosso do Sul.<\/p>\n\n\n\n<p>Neno Razuk (PL) foi reeleito com 17.023 votos. Empres\u00e1rio, ele nasceu em Campo Grande, no dia 12 de outubro de 1978, e vai exercer o mandato na Assembleia Legislativa de Mato Grosso do Sul pela segunda vez.<\/p>\n\n\n\n<p>Marcio Fernandes (MDB) foi reeleito com 16.111 votos. Ele \u00e9 de Umuarama, interior do Paran\u00e1, e nasceu no dia 15 de fevereiro de 1979. O m\u00e9dico veterin\u00e1rio vai cumprir o quinto mandato na Casa de Leis.<\/p>\n\n\n\n<p>Pedro Pedrossian Neto (PSD) foi eleito com 15.994 votos. Formado em Ci\u00eancias Econ\u00f4micas, foi professor universit\u00e1rio, secret\u00e1rio-adjunto de Estado Desenvolvimento Agr\u00e1rio, da Produ\u00e7\u00e3o, da Ind\u00fastria, do Com\u00e9rcio e do <a href=\"https:\/\/midiamax.uol.com.br\/tag\/turismo\/\">Turismo<\/a> e secret\u00e1rio municipal de Finan\u00e7as e Planejamento de Campo Grande.<\/p>\n\n\n\n<p>Lia Nogueira (PSDB) foi eleita com 15.155 votos. Formada em Jornalismo e Direito, ela tem 48 anos. Foi vereadora de Dourados e faz sua estreia na Assembleia Legislativa de Mato Grosso do Sul.<\/p>\n\n\n\n<p>Roberto Hashioka (Uni\u00e3o) foi eleito com 13.662 votos. Engenheiro Civil, foi prefeito de Nova Andradina, diretor-presidente da Agems (Ag\u00eancia Estadual de Regula\u00e7\u00e3o de Servi\u00e7os P\u00fablicos) e do Detran, secret\u00e1rio de Estado de Administra\u00e7\u00e3o e Desburocratiza\u00e7\u00e3o e secret\u00e1rio de Rela\u00e7\u00f5es Institucionais da Secretaria de Estado de Infraestrutura.<\/p>\n\n\n\n<p>Rinaldo Modesto (Podemos) foi reeleito com 12.800 votos. Nasceu em Gl\u00f3ria de Dourados no dia 30 de maio de 1965 e foi criado no distrito de Culturama. Come\u00e7ou a carreira pol\u00edtica como vereador de Campo Grande.<\/p>\n\n\n\n<p><strong><em>Fonte: Tribuna de Imprensa<\/em><\/strong><\/p>\n","protected":false},"excerpt":{"rendered":"<p>O deputado estadual Gerson Claro (PP) foi eleito na manh\u00e3 desta quarta-feira (1\u00ba) presidente da Alems (Assembleia Legislativa do Estado<\/p>\n","protected":false},"author":1,"featured_media":53,"comment_status":"open","ping_status":"open","sticky":false,"template":"","format":"standard","meta":{"footnotes":""},"categories":[2],"tags":[],"class_list":["post-52","post","type-post","status-publish","format-standard","has-post-thumbnail","hentry","category-noticias"],"_links":{"self":[{"href":"https:\/\/jornaloalvorada.com.br\/site\/wp-json\/wp\/v2\/posts\/52","targetHints":{"allow":["GET"]}}],"collection":[{"href":"https:\/\/jornaloalvorada.com.br\/site\/wp-json\/wp\/v2\/posts"}],"about":[{"href":"https:\/\/jornaloalvorada.com.br\/site\/wp-json\/wp\/v2\/types\/post"}],"author":[{"embeddable":true,"href":"https:\/\/jornaloalvorada.com.br\/site\/wp-json\/wp\/v2\/users\/1"}],"replies":[{"embeddable":true,"href":"https:\/\/jornaloalvorada.com.br\/site\/wp-json\/wp\/v2\/comments?post=52"}],"version-history":[{"count":1,"href":"https:\/\/jornaloalvorada.com.br\/site\/wp-json\/wp\/v2\/posts\/52\/revisions"}],"predecessor-version":[{"id":54,"href":"https:\/\/jornaloalvorada.com.br\/site\/wp-json\/wp\/v2\/posts\/52\/revisions\/54"}],"wp:featuredmedia":[{"embeddable":true,"href":"https:\/\/jornaloalvorada.com.br\/site\/wp-json\/wp\/v2\/media\/53"}],"wp:attachment":[{"href":"https:\/\/jornaloalvorada.com.br\/site\/wp-json\/wp\/v2\/media?parent=52"}],"wp:term":[{"taxonomy":"category","embeddable":true,"href":"https:\/\/jornaloalvorada.com.br\/site\/wp-json\/wp\/v2\/categories?post=52"},{"taxonomy":"post_tag","embeddable":true,"href":"https:\/\/jornaloalvorada.com.br\/site\/wp-json\/wp\/v2\/tags?post=52"}],"curies":[{"name":"wp","href":"https:\/\/api.w.org\/{rel}","templated":true}]}}