{"id":5197,"date":"2024-03-08T16:22:00","date_gmt":"2024-03-08T20:22:00","guid":{"rendered":"https:\/\/jornaloalvorada.com.br\/site\/?p=5197"},"modified":"2024-03-13T13:37:56","modified_gmt":"2024-03-13T17:37:56","slug":"rfc-dia-internacional-da-mulher","status":"publish","type":"post","link":"https:\/\/jornaloalvorada.com.br\/site\/2024\/03\/08\/rfc-dia-internacional-da-mulher\/","title":{"rendered":"RFC: Dia Internacional da Mulher"},"content":{"rendered":"\n<p>Feliz Dia Internacional da Mulher a todas mulheres de Nova Alvorada do Sul-MS.<\/p>\n\n\n\n<p>A REDE FEMININA DE COMBATE AO C\u00c2NCER DE NOVA ALVORADA DO SUL atrav\u00e9s de sua volunt\u00e1rias dedicadas, participaram do Dia Internacional da Mulher com seus artesanatos. Dia Delas.<\/p>\n","protected":false},"excerpt":{"rendered":"<p>Feliz Dia Internacional da Mulher a todas mulheres de Nova Alvorada do Sul-MS. A REDE FEMININA DE COMBATE AO C\u00c2NCER<\/p>\n","protected":false},"author":1,"featured_media":5198,"comment_status":"open","ping_status":"open","sticky":false,"template":"","format":"standard","meta":{"footnotes":""},"categories":[3],"tags":[],"class_list":["post-5197","post","type-post","status-publish","format-standard","has-post-thumbnail","hentry","category-social"],"_links":{"self":[{"href":"https:\/\/jornaloalvorada.com.br\/site\/wp-json\/wp\/v2\/posts\/5197","targetHints":{"allow":["GET"]}}],"collection":[{"href":"https:\/\/jornaloalvorada.com.br\/site\/wp-json\/wp\/v2\/posts"}],"about":[{"href":"https:\/\/jornaloalvorada.com.br\/site\/wp-json\/wp\/v2\/types\/post"}],"author":[{"embeddable":true,"href":"https:\/\/jornaloalvorada.com.br\/site\/wp-json\/wp\/v2\/users\/1"}],"replies":[{"embeddable":true,"href":"https:\/\/jornaloalvorada.com.br\/site\/wp-json\/wp\/v2\/comments?post=5197"}],"version-history":[{"count":1,"href":"https:\/\/jornaloalvorada.com.br\/site\/wp-json\/wp\/v2\/posts\/5197\/revisions"}],"predecessor-version":[{"id":5199,"href":"https:\/\/jornaloalvorada.com.br\/site\/wp-json\/wp\/v2\/posts\/5197\/revisions\/5199"}],"wp:featuredmedia":[{"embeddable":true,"href":"https:\/\/jornaloalvorada.com.br\/site\/wp-json\/wp\/v2\/media\/5198"}],"wp:attachment":[{"href":"https:\/\/jornaloalvorada.com.br\/site\/wp-json\/wp\/v2\/media?parent=5197"}],"wp:term":[{"taxonomy":"category","embeddable":true,"href":"https:\/\/jornaloalvorada.com.br\/site\/wp-json\/wp\/v2\/categories?post=5197"},{"taxonomy":"post_tag","embeddable":true,"href":"https:\/\/jornaloalvorada.com.br\/site\/wp-json\/wp\/v2\/tags?post=5197"}],"curies":[{"name":"wp","href":"https:\/\/api.w.org\/{rel}","templated":true}]}}