{"id":5051,"date":"2024-02-26T09:42:11","date_gmt":"2024-02-26T13:42:11","guid":{"rendered":"https:\/\/jornaloalvorada.com.br\/site\/?p=5051"},"modified":"2024-03-13T13:34:17","modified_gmt":"2024-03-13T17:34:17","slug":"ministro-de-israel-posta-foto-de-ato-de-bolsonaro-e-provoca-lula","status":"publish","type":"post","link":"https:\/\/jornaloalvorada.com.br\/site\/2024\/02\/26\/ministro-de-israel-posta-foto-de-ato-de-bolsonaro-e-provoca-lula\/","title":{"rendered":"Ministro de Israel posta foto de ato de Bolsonaro e provoca Lula"},"content":{"rendered":"\n<p><div class=\"container\" dir=\"ltr\" lang=\"pt-br\"><div class=\"content\"><div class=\"moz-reader-content reader-show-element\"><div id=\"readability-page-1\" class=\"page\"><div> <p>O ministro das Rela\u00e7\u00f5es Exteriores israelense, <a href=\"https:\/\/www.poder360.com.br\/tag\/israel-katz\/\" target=\"_blank\" rel=\"noopener\">Israel Katz<\/a>, agradeceu nesta 2\u00aa feira (26.fev.2024) pelo apoio de brasileiros a Israel durante o <a href=\"https:\/\/www.poder360.com.br\/brasil\/bolsonaro-nega-golpe-e-defende-anistia-a-pobres-coitados-do-8-de-janeiro\/\" target=\"_blank\" rel=\"noopener\">ato<\/a> do ex-presidente <a href=\"https:\/\/monitor.poder360.com.br\/politicos-do-brasil\/630212\/JAIR-BOLSONARO?ano=2022\" target=\"_blank\" rel=\"noopener\">Jair Bolsonaro<\/a>  (PL) no domingo (25.fev) na av. Paulista, em S\u00e3o Paulo. Diversos  apoiadores do ex-chefe do Executivo levaram bandeiras de Israel para a  manifesta\u00e7\u00e3o. Bolsonaro tamb\u00e9m iniciou sua participa\u00e7\u00e3o no evento  exibindo um exemplar.<\/p> <p><em>\u201cMuito obrigado ao povo brasileiro por apoiar Israel. Nem Lula conseguir\u00e1 nos separar\u201d,<\/em> disse em seu <a href=\"https:\/\/twitter.com\/Israel_katz\/status\/1762003629102485789\" target=\"_blank\" rel=\"noopener\">perfil<\/a>  no X (antigo Twitter). A mensagem \u00e9 acompanhada de uma foto da  manifesta\u00e7\u00e3o que mostra as bandeiras dos 2 pa\u00edses hasteadas em meio a  multid\u00e3o.<\/p> <p><img loading=\"lazy\" decoding=\"async\" width=\"1246\" height=\"1132\" class=\"moz-reader-block-img\" src=\"https:\/\/static.poder360.com.br\/2024\/02\/embaixador-israel-ato-bolsonaro-26-fev-2024.png\" alt=\"\"><\/p> <p>A declara\u00e7\u00e3o do chanceler \u00e9 mais uma da sua s\u00e9rie de cr\u00edticas ao presidente <a href=\"https:\/\/monitor.poder360.com.br\/politicos-do-brasil\/929674\/LULA?ano=2022\" target=\"_blank\" rel=\"noopener\">Luiz In\u00e1cio Lula da Silva<\/a> (PT) desde que o petista <a href=\"https:\/\/www.poder360.com.br\/internacional\/lula-compara-ataques-de-israel-em-gaza-com-acoes-de-hitler\/\" target=\"_blank\" rel=\"noopener\">comparou<\/a>  a a\u00e7\u00e3o do Ex\u00e9rcito de Israel no conflito com o Hamas na Faixa de Gaza  com o exterm\u00ednio de judeus durante a 2\u00aa Guerra Mundial (1939-1945).<\/p> <p>Depois disso, Katz passou a exigir um pedido formal de desculpas do brasileiro, que se tornou <em><a href=\"https:\/\/www.poder360.com.br\/internacional\/israel-exige-desculpas-e-declara-lula-persona-non-grata\/\" target=\"_blank\" rel=\"noopener\">\u201cpersona non grata\u201d<\/a> <\/em>(ou seja, que n\u00e3o \u00e9 bem-vinda) em\u00a0Israel.<\/p> <p>Em evento da Petrobras na 6\u00aa feira (23.fev), Lula <a href=\"https:\/\/www.poder360.com.br\/internacional\/nao-e-guerra-e-genocidio-diz-lula-sobre-acao-de-israel-em-gaza\/#:~:text=O%20presidente%20Luiz%20In%C3%A1cio%20Lula,mas%20comete%20genoc%C3%ADdio%20na%20regi%C3%A3o.\" target=\"_blank\" rel=\"noopener\">voltou a afirmar<\/a> que o governo israelense est\u00e1 cometendo um <em>\u201cgenoc\u00eddio\u201d<\/em> em Gaza. <em>\u201cSe isso n\u00e3o \u00e9 genoc\u00eddio, eu n\u00e3o sei o que \u00e9\u201d<\/em>, declarou.<\/p> <p data-reader-unique-id=\"72\"><strong data-reader-unique-id=\"73\">Leia a linha do tempo do epis\u00f3dio:<\/strong><\/p> <ul><li data-reader-unique-id=\"75\"><strong data-reader-unique-id=\"76\">18.fev.2024<\/strong> \u2013 Lula <a data-reader-unique-id=\"77\" href=\"https:\/\/www.poder360.com.br\/internacional\/lula-compara-ataques-de-israel-em-gaza-com-acoes-de-hitler\/\" target=\"_blank\" rel=\"noopener\">compara<\/a> os ataques de Israel \u00e0s a\u00e7\u00f5es de Hitler contra judeus;<strong data-reader-unique-id=\"79\">18.fev.2024<\/strong> \u2013 Benjamin Netanyahu <a data-reader-unique-id=\"80\" href=\"https:\/\/www.poder360.com.br\/internacional\/netanyahu-diz-que-fala-de-lula-e-vergonhosa-e-convoca-embaixador\/#:~:text=O%20primeiro%2Dministro%20de%20Israel,o%20nazismo%20%C3%A9%20%E2%80%9Cvergonhosa%E2%80%9D.\" target=\"_blank\" rel=\"noopener\">critica<\/a> Lula e classifica sua fala como <em data-reader-unique-id=\"81\">\u201cvergonhosa\u201d<\/em>;<strong data-reader-unique-id=\"83\">19.fev.2024<\/strong> \u2013 ministro de Rela\u00e7\u00f5es Exteriores de Israel <a data-reader-unique-id=\"84\" href=\"https:\/\/www.poder360.com.br\/internacional\/israel-exige-desculpas-e-declara-lula-persona-non-grata\/\" target=\"_blank\" rel=\"noopener\">declara<\/a> Lula <em data-reader-unique-id=\"85\">\u201cpersona non grata\u201d<\/em> e <a data-reader-unique-id=\"86\" href=\"https:\/\/www.poder360.com.br\/brasil\/israel-fara-repreensao-ao-brasil-no-museu-do-holocausto\/\" target=\"_blank\" rel=\"noopener\">constrange<\/a> publicamente embaixador do Brasil no pa\u00eds, Fred Meyer, ao lev\u00e1-lo para o Museu do Holocausto de Jerusal\u00e9m;<strong data-reader-unique-id=\"88\">19.fev.2024<\/strong> \u2013 Brasil <a data-reader-unique-id=\"89\" href=\"https:\/\/www.poder360.com.br\/governo\/brasil-chama-de-volta-embaixador-em-israel\/\" target=\"_blank\" rel=\"noopener\">chama<\/a> embaixador Fred Meyer de volta ao pa\u00eds;<strong data-reader-unique-id=\"91\">19.fev.2024<\/strong> \u2013 ministro de Rela\u00e7\u00f5es Exteriores do Brasil <a data-reader-unique-id=\"92\" href=\"https:\/\/www.poder360.com.br\/internacional\/em-reuniao-vieira-manifesta-insatisfacao-a-embaixador-israelense\/\" target=\"_blank\" rel=\"noopener\">diz<\/a> em reuni\u00e3o com embaixador de Israel que Meyer foi humilhado;<strong data-reader-unique-id=\"94\">19.fev.2024<\/strong> \u2013 no Planalto, avalia\u00e7\u00e3o \u00e9 a de que Lula <a data-reader-unique-id=\"95\" href=\"https:\/\/www.poder360.com.br\/internacional\/governo-ve-lula-fora-do-tom-mas-pedido-de-desculpa-e-improvavel\/\" target=\"_blank\" rel=\"noopener\">n\u00e3o pedir\u00e1 desculpas<\/a>;<strong data-reader-unique-id=\"97\">20.fev.2024<\/strong> \u2013 ministro de Rela\u00e7\u00f5es Exteriores de Israel <a data-reader-unique-id=\"98\" href=\"https:\/\/www.poder360.com.br\/internacional\/israel-volta-a-exigir-retratacao-e-diz-que-lula-cuspiu-em-judeus\/\" target=\"_blank\" rel=\"noopener\">volta a pedir retrata\u00e7\u00e3o<\/a> de Lula e diz que fala do presidente \u00e9 um <em data-reader-unique-id=\"99\">\u201ccuspe no rosto dos judeus brasileiros\u201d;<\/em><strong data-reader-unique-id=\"101\">21.fev.2024 <\/strong>\u2013 o chanceler <a data-reader-unique-id=\"102\" href=\"https:\/\/www.poder360.com.br\/governo\/israel-posta-video-de-brasileira-que-foi-a-rave-atacada-pelo-hamas\/\">posta v\u00eddeo com brasileira<\/a>  que estava na rave atacada pelo Hamas e acusa o Brasil de n\u00e3o ter dado  tratamento adequado \u00e0s fam\u00edlias de brasileiros v\u00edtimas do ataque;<strong data-reader-unique-id=\"104\">22.fev.2024 <\/strong>\u2013 Itamaraty responde \u00e0 brasileira e <a data-reader-unique-id=\"105\" href=\"https:\/\/www.poder360.com.br\/governo\/itamaraty-responde-brasileira-e-diz-que-contatou-vitimas-do-hamas\/\">diz que entrou em contato com as fam\u00edlias<\/a> e prestou a devida assist\u00eancia;<strong data-reader-unique-id=\"104\">23.fev.2024 <\/strong>\u2013 o ministro israelense publica imagem de brasileiros e israelenses abra\u00e7ados e diz que <a href=\"https:\/\/www.poder360.com.br\/brasil\/chanceler-diz-que-nem-lula-vai-separar-brasileiros-e-israelenses\/\"><em>\u201cnem Lula\u201d<\/em> vai separar os 2 povos<\/a>;<\/li><li><strong data-reader-unique-id=\"104\">23.fev.2024 <\/strong>\u2013 ao falar pela 1\u00aa vez em p\u00fablico sobre a declara\u00e7\u00e3o de 18 de fevereiro, Lula <a href=\"https:\/\/www.poder360.com.br\/internacional\/nao-e-guerra-e-genocidio-diz-lula-sobre-acao-de-israel-em-gaza\/\">volta a dizer que a guerra em Guerra \u00e9 um <\/a><em><a href=\"https:\/\/www.poder360.com.br\/internacional\/nao-e-guerra-e-genocidio-diz-lula-sobre-acao-de-israel-em-gaza\/\">\u201cgenoc\u00eddio\u201d<\/a>, <\/em>mas n\u00e3o repete a compara\u00e7\u00e3o com o exterm\u00ednio de judeus. <em>\u201cN\u00e3o  tente interpretar a entrevista que eu dei na Eti\u00f3pia. Leia a entrevista  ao inv\u00e9s de ficar me julgando pelo que disse o primeiro-ministro de  Israel\u201d<\/em>, afirmou.<\/li><\/ul>  <\/div><\/div><\/div><\/div><\/div><em><strong>Fonte: Poder360<\/strong><\/em><\/p>\n","protected":false},"excerpt":{"rendered":"<p>O ministro das Rela\u00e7\u00f5es Exteriores israelense, Israel Katz, agradeceu nesta 2\u00aa feira (26.fev.2024) pelo apoio de brasileiros a Israel durante<\/p>\n","protected":false},"author":1,"featured_media":5052,"comment_status":"open","ping_status":"open","sticky":false,"template":"","format":"standard","meta":{"footnotes":""},"categories":[2],"tags":[],"class_list":["post-5051","post","type-post","status-publish","format-standard","has-post-thumbnail","hentry","category-noticias"],"_links":{"self":[{"href":"https:\/\/jornaloalvorada.com.br\/site\/wp-json\/wp\/v2\/posts\/5051","targetHints":{"allow":["GET"]}}],"collection":[{"href":"https:\/\/jornaloalvorada.com.br\/site\/wp-json\/wp\/v2\/posts"}],"about":[{"href":"https:\/\/jornaloalvorada.com.br\/site\/wp-json\/wp\/v2\/types\/post"}],"author":[{"embeddable":true,"href":"https:\/\/jornaloalvorada.com.br\/site\/wp-json\/wp\/v2\/users\/1"}],"replies":[{"embeddable":true,"href":"https:\/\/jornaloalvorada.com.br\/site\/wp-json\/wp\/v2\/comments?post=5051"}],"version-history":[{"count":1,"href":"https:\/\/jornaloalvorada.com.br\/site\/wp-json\/wp\/v2\/posts\/5051\/revisions"}],"predecessor-version":[{"id":5053,"href":"https:\/\/jornaloalvorada.com.br\/site\/wp-json\/wp\/v2\/posts\/5051\/revisions\/5053"}],"wp:featuredmedia":[{"embeddable":true,"href":"https:\/\/jornaloalvorada.com.br\/site\/wp-json\/wp\/v2\/media\/5052"}],"wp:attachment":[{"href":"https:\/\/jornaloalvorada.com.br\/site\/wp-json\/wp\/v2\/media?parent=5051"}],"wp:term":[{"taxonomy":"category","embeddable":true,"href":"https:\/\/jornaloalvorada.com.br\/site\/wp-json\/wp\/v2\/categories?post=5051"},{"taxonomy":"post_tag","embeddable":true,"href":"https:\/\/jornaloalvorada.com.br\/site\/wp-json\/wp\/v2\/tags?post=5051"}],"curies":[{"name":"wp","href":"https:\/\/api.w.org\/{rel}","templated":true}]}}