{"id":5048,"date":"2024-02-26T09:38:17","date_gmt":"2024-02-26T13:38:17","guid":{"rendered":"https:\/\/jornaloalvorada.com.br\/site\/?p=5048"},"modified":"2024-03-13T13:34:22","modified_gmt":"2024-03-13T17:34:22","slug":"aniversario-de-elisa-g-acenco","status":"publish","type":"post","link":"https:\/\/jornaloalvorada.com.br\/site\/2024\/02\/26\/aniversario-de-elisa-g-acenco\/","title":{"rendered":"Anivers\u00e1rio de Elisa G. Acen\u00e7o"},"content":{"rendered":"\n<p>NIVER!COMPLETOU IDADE NOVA A DIN\u00c2MICA ELISA G. ACEN\u00c7O-25 DE FEVEREIRO-PARAB\u00c9NS !FELICIDADES !<\/p>\n","protected":false},"excerpt":{"rendered":"<p>NIVER!COMPLETOU IDADE NOVA A DIN\u00c2MICA ELISA G. ACEN\u00c7O-25 DE FEVEREIRO-PARAB\u00c9NS !FELICIDADES !<\/p>\n","protected":false},"author":1,"featured_media":5049,"comment_status":"open","ping_status":"open","sticky":false,"template":"","format":"standard","meta":{"footnotes":""},"categories":[3],"tags":[],"class_list":["post-5048","post","type-post","status-publish","format-standard","has-post-thumbnail","hentry","category-social"],"_links":{"self":[{"href":"https:\/\/jornaloalvorada.com.br\/site\/wp-json\/wp\/v2\/posts\/5048","targetHints":{"allow":["GET"]}}],"collection":[{"href":"https:\/\/jornaloalvorada.com.br\/site\/wp-json\/wp\/v2\/posts"}],"about":[{"href":"https:\/\/jornaloalvorada.com.br\/site\/wp-json\/wp\/v2\/types\/post"}],"author":[{"embeddable":true,"href":"https:\/\/jornaloalvorada.com.br\/site\/wp-json\/wp\/v2\/users\/1"}],"replies":[{"embeddable":true,"href":"https:\/\/jornaloalvorada.com.br\/site\/wp-json\/wp\/v2\/comments?post=5048"}],"version-history":[{"count":1,"href":"https:\/\/jornaloalvorada.com.br\/site\/wp-json\/wp\/v2\/posts\/5048\/revisions"}],"predecessor-version":[{"id":5050,"href":"https:\/\/jornaloalvorada.com.br\/site\/wp-json\/wp\/v2\/posts\/5048\/revisions\/5050"}],"wp:featuredmedia":[{"embeddable":true,"href":"https:\/\/jornaloalvorada.com.br\/site\/wp-json\/wp\/v2\/media\/5049"}],"wp:attachment":[{"href":"https:\/\/jornaloalvorada.com.br\/site\/wp-json\/wp\/v2\/media?parent=5048"}],"wp:term":[{"taxonomy":"category","embeddable":true,"href":"https:\/\/jornaloalvorada.com.br\/site\/wp-json\/wp\/v2\/categories?post=5048"},{"taxonomy":"post_tag","embeddable":true,"href":"https:\/\/jornaloalvorada.com.br\/site\/wp-json\/wp\/v2\/tags?post=5048"}],"curies":[{"name":"wp","href":"https:\/\/api.w.org\/{rel}","templated":true}]}}