{"id":5045,"date":"2024-02-26T09:34:01","date_gmt":"2024-02-26T13:34:01","guid":{"rendered":"https:\/\/jornaloalvorada.com.br\/site\/?p=5045"},"modified":"2024-03-13T13:34:29","modified_gmt":"2024-03-13T17:34:29","slug":"empresas-tem-ate-dia-29-para-enviar-comprovantes-de-rendimentos","status":"publish","type":"post","link":"https:\/\/jornaloalvorada.com.br\/site\/2024\/02\/26\/empresas-tem-ate-dia-29-para-enviar-comprovantes-de-rendimentos\/","title":{"rendered":"Empresas t\u00eam at\u00e9 dia 29 para enviar comprovantes de rendimentos"},"content":{"rendered":"\n<p>Os empregadores t\u00eam at\u00e9 esta quinta-feira (29) para enviar aos seus funcion\u00e1rios os informes de rendimentos referentes a 2023. O prazo tamb\u00e9m vale para bancos e corretoras de valores, que devem disponibilizar o documento referente aos rendimentos de aplica\u00e7\u00f5es financeiras aos seus clientes.<img decoding=\"async\" src=\"https:\/\/agenciabrasil.ebc.com.br\/ebc.png?id=1582837&amp;o=node\"><img decoding=\"async\" src=\"https:\/\/agenciabrasil.ebc.com.br\/ebc.gif?id=1582837&amp;o=node\"><\/p>\n\n\n\n<p>Os comprovantes s\u00e3o necess\u00e1rios para o preenchimento da declara\u00e7\u00e3o do Imposto de Renda Pessoa F\u00edsica (IRPF) 2024. Este ano, o per\u00edodo de entrega &#8211; sem multa &#8211; vai de 15 de mar\u00e7o a 31 de maio.<\/p>\n\n\n\n<p>A disponibiliza\u00e7\u00e3o dos informes \u00e9 obrigat\u00f3ria e pode ser feita pelos Correios ou de forma digital, por e-mail, internet ou intranet. No caso de servidores p\u00fablicos federais, o informe de rendimentos pode ser obtido pelo site ou aplicativo SouGov.br.<\/p>\n\n\n\n<p>Os comprovantes fornecidos pelos empregadores devem conter os valores recebidos pelos trabalhadores no ano anterior e detalhar os valores descontados para a Previd\u00eancia Social e o Imposto de Renda recolhido na fonte. Contribui\u00e7\u00f5es para previd\u00eancia complementar da empresa e aportes para o plano de sa\u00fade coletivo tamb\u00e9m devem ser informados, caso existam.<\/p>\n\n\n\n<h2 class=\"wp-block-heading\">Comprovantes<\/h2>\n\n\n\n<p>Planos de sa\u00fade individuais e fundos de pens\u00e3o tamb\u00e9m s\u00e3o obrigados a fornecer os comprovantes, cujos dados ser\u00e3o usados para o contribuinte deduzir os valores cobrados no Imposto de Renda.<\/p>\n\n\n\n<p>Caso o contribuinte n\u00e3o receba os informes no prazo, deve procurar o setor de recursos humanos da empresa ou o gerente da institui\u00e7\u00e3o financeira. Se o atraso persistir, a Receita Federal pode ser acionada. Em caso de erros ou de diverg\u00eancia de dados, \u00e9 necess\u00e1rio pedir novo documento corrigido.<\/p>\n\n\n\n<p>A Receita orienta os contribuintes a guardar os informes de rendimentos por, no m\u00ednimo, cinco anos, contados a partir de 1\u00ba de janeiro do ano seguinte ao do processamento da declara\u00e7\u00e3o. A regra tamb\u00e9m vale para os demais documentos que servem para comprovar as informa\u00e7\u00f5es prestadas.<\/p>\n\n\n\n<p><a href=\"http:\/\/agenciabrasil.ebc.com.br\/economia\/noticia\/2024-02\/entenda-nova-tabela-progressiva-do-imposto-de-renda\">A declara\u00e7\u00e3o do IRPF<\/a> \u00e9 obrigat\u00f3ria para quem recebeu rendimentos tribut\u00e1veis acima de dois sal\u00e1rios m\u00ednimos em 2023.<\/p>\n\n\n\n<p><strong><em>Fonte: Ag\u00eancia Brasil<\/em><\/strong><\/p>\n","protected":false},"excerpt":{"rendered":"<p>Os empregadores t\u00eam at\u00e9 esta quinta-feira (29) para enviar aos seus funcion\u00e1rios os informes de rendimentos referentes a 2023. O<\/p>\n","protected":false},"author":1,"featured_media":5046,"comment_status":"open","ping_status":"open","sticky":false,"template":"","format":"standard","meta":{"footnotes":""},"categories":[2],"tags":[],"class_list":["post-5045","post","type-post","status-publish","format-standard","has-post-thumbnail","hentry","category-noticias"],"_links":{"self":[{"href":"https:\/\/jornaloalvorada.com.br\/site\/wp-json\/wp\/v2\/posts\/5045","targetHints":{"allow":["GET"]}}],"collection":[{"href":"https:\/\/jornaloalvorada.com.br\/site\/wp-json\/wp\/v2\/posts"}],"about":[{"href":"https:\/\/jornaloalvorada.com.br\/site\/wp-json\/wp\/v2\/types\/post"}],"author":[{"embeddable":true,"href":"https:\/\/jornaloalvorada.com.br\/site\/wp-json\/wp\/v2\/users\/1"}],"replies":[{"embeddable":true,"href":"https:\/\/jornaloalvorada.com.br\/site\/wp-json\/wp\/v2\/comments?post=5045"}],"version-history":[{"count":1,"href":"https:\/\/jornaloalvorada.com.br\/site\/wp-json\/wp\/v2\/posts\/5045\/revisions"}],"predecessor-version":[{"id":5047,"href":"https:\/\/jornaloalvorada.com.br\/site\/wp-json\/wp\/v2\/posts\/5045\/revisions\/5047"}],"wp:featuredmedia":[{"embeddable":true,"href":"https:\/\/jornaloalvorada.com.br\/site\/wp-json\/wp\/v2\/media\/5046"}],"wp:attachment":[{"href":"https:\/\/jornaloalvorada.com.br\/site\/wp-json\/wp\/v2\/media?parent=5045"}],"wp:term":[{"taxonomy":"category","embeddable":true,"href":"https:\/\/jornaloalvorada.com.br\/site\/wp-json\/wp\/v2\/categories?post=5045"},{"taxonomy":"post_tag","embeddable":true,"href":"https:\/\/jornaloalvorada.com.br\/site\/wp-json\/wp\/v2\/tags?post=5045"}],"curies":[{"name":"wp","href":"https:\/\/api.w.org\/{rel}","templated":true}]}}