{"id":5039,"date":"2024-02-26T09:30:55","date_gmt":"2024-02-26T13:30:55","guid":{"rendered":"https:\/\/jornaloalvorada.com.br\/site\/?p=5039"},"modified":"2024-03-13T13:34:10","modified_gmt":"2024-03-13T17:34:10","slug":"conheca-50-sobrenomes-que-apontam-se-voce-tem-origem-portuguesa","status":"publish","type":"post","link":"https:\/\/jornaloalvorada.com.br\/site\/2024\/02\/26\/conheca-50-sobrenomes-que-apontam-se-voce-tem-origem-portuguesa\/","title":{"rendered":"Conhe\u00e7a 50 sobrenomes que apontam se voc\u00ea tem origem portuguesa"},"content":{"rendered":"\n<p>Os nomes de fam\u00edlia que carregamos frequentemente v\u00e3o al\u00e9m de simples combina\u00e7\u00f5es de palavras; eles representam verdadeiros v\u00ednculos com nossas ra\u00edzes e hist\u00f3rias familiares.<\/p>\n\n\n\n<p>Ao explorar a genealogia de um sobrenome, \u00e9 poss\u00edvel desvendar uma rica tape\u00e7aria de conex\u00f5es \u00e9tnicas e culturais que permeiam nossa ascend\u00eancia. No Brasil, um pa\u00eds caracterizado pela diversidade, essa investiga\u00e7\u00e3o muitas vezes revela uma fus\u00e3o \u00fanica de diferentes origens.<\/p>\n\n\n\n<p>Os sobrenomes, transmitidos de gera\u00e7\u00e3o em gera\u00e7\u00e3o, s\u00e3o testemunhos silenciosos das complexas rela\u00e7\u00f5es que formam nossa identidade familiar.<\/p>\n\n\n\n<p>A hist\u00f3ria do Brasil est\u00e1 intrinsecamente ligada \u00e0 coloniza\u00e7\u00e3o portuguesa, que deixou um legado profundo e duradouro. Os sobrenomes, nesse contexto, funcionam como marcadores gen\u00e9ticos de uma narrativa compartilhada com Portugal.<\/p>\n\n\n\n<p>Muitas fam\u00edlias brasileiras t\u00eam ra\u00edzes que remontam a antigos la\u00e7os com Portugal, e essa conex\u00e3o persiste at\u00e9 os dias atuais. A l\u00edngua, a cultura e os nomes s\u00e3o exemplos tang\u00edveis dessa heran\u00e7a comum.<\/p>\n\n\n\n<p>A coloniza\u00e7\u00e3o portuguesa moldou n\u00e3o apenas a paisagem f\u00edsica, mas tamb\u00e9m a estrutura social e cultural do pa\u00eds.<\/p>\n\n\n\n<p>As rela\u00e7\u00f5es entre essas na\u00e7\u00f5es evolu\u00edram ao longo dos anos, no entanto, a influ\u00eancia da coloniza\u00e7\u00e3o permanece evidente em v\u00e1rios aspectos da vida cotidiana.<\/p>\n\n\n\n<p>Ao investigar a origem de seus sobrenomes, muitas pessoas podem se surpreender ao descobrir a liga\u00e7\u00e3o direta com suas ra\u00edzes portuguesas.<\/p>\n\n\n\n<p>Diversos sobrenomes dos brasileiros de hoje t\u00eam suas ra\u00edzes em Portugal, e esse conhecimento pode proporcionar uma nova compreens\u00e3o de nossa heran\u00e7a familiar.<\/p>\n\n\n\n<h3 class=\"wp-block-heading\">Lista com sobrenomes portugueses<\/h3>\n\n\n\n<p>Por esse motivo, apresentamos a seguir uma rela\u00e7\u00e3o de 50 sobrenomes com hist\u00f3rias profundamente vinculadas a fam\u00edlias portuguesas.<\/p>\n\n\n\n<p>Se o seu sobrenome estiver inclu\u00eddo nessa lista, \u00e9 bastante prov\u00e1vel que voc\u00ea seja descendente de portugueses, carregando consigo uma parte da hist\u00f3ria que estreita os v\u00ednculos entre o Brasil e Portugal.<\/p>\n\n\n\n<p>Explorar as pr\u00f3prias ra\u00edzes \u00e9 uma jornada cativante e enriquecedora, revelando os la\u00e7os que ultrapassam fronteiras e resistem ao tempo, conectando-nos a uma intricada teia de hist\u00f3rias.<\/p>\n\n\n\n<p><strong>Procure seu sobrenome:<\/strong><\/p>\n\n\n\n<ol class=\"wp-block-list\">\n<li>Azevedo;<\/li>\n\n\n\n<li>Abreu;<\/li>\n\n\n\n<li>Aguiar;<\/li>\n\n\n\n<li>Almeida;<\/li>\n\n\n\n<li>Alves;<\/li>\n\n\n\n<li>Andrade;<\/li>\n\n\n\n<li>Barbosa;<\/li>\n\n\n\n<li>Campos;<\/li>\n\n\n\n<li>Cardoso;<\/li>\n\n\n\n<li>Carvalho;<\/li>\n\n\n\n<li>Castro;<\/li>\n\n\n\n<li>Cunha;<\/li>\n\n\n\n<li>Correia;<\/li>\n\n\n\n<li>Costa;<\/li>\n\n\n\n<li>Dias;<\/li>\n\n\n\n<li>Domingues;<\/li>\n\n\n\n<li>Fernandes;<\/li>\n\n\n\n<li>Ferreira;<\/li>\n\n\n\n<li>Fonseca;<\/li>\n\n\n\n<li>Freitas;<\/li>\n\n\n\n<li>Gomes;<\/li>\n\n\n\n<li>Gon\u00e7alves;<\/li>\n\n\n\n<li>Jesus;<\/li>\n\n\n\n<li>Lima;<\/li>\n\n\n\n<li>Lopes;<\/li>\n\n\n\n<li>Machado;<\/li>\n\n\n\n<li>Marques;<\/li>\n\n\n\n<li>Martins;<\/li>\n\n\n\n<li>Melo;<\/li>\n\n\n\n<li>Mendes;<\/li>\n\n\n\n<li>Miranda;<\/li>\n\n\n\n<li>Monteiro;<\/li>\n\n\n\n<li>Moreira;<\/li>\n\n\n\n<li>Moura;<\/li>\n\n\n\n<li>Nascimento;<\/li>\n\n\n\n<li>Nunes;<\/li>\n\n\n\n<li>Oliveira;<\/li>\n\n\n\n<li>Pereira;<\/li>\n\n\n\n<li>Pinto;<\/li>\n\n\n\n<li>Reis;<\/li>\n\n\n\n<li>Ribeiro;<\/li>\n\n\n\n<li>Ramos;<\/li>\n\n\n\n<li>Rocha;<\/li>\n\n\n\n<li>Rodrigues;<\/li>\n\n\n\n<li>Santos;<\/li>\n\n\n\n<li>Silva;<\/li>\n\n\n\n<li>Soares;<\/li>\n\n\n\n<li>Sousa;<\/li>\n\n\n\n<li>Teixeira;<\/li>\n\n\n\n<li>Vieira.<\/li>\n<\/ol>\n\n\n\n<p><strong><em>Com informa\u00e7\u00f5es de Multiverso Not\u00edcias<\/em><\/strong><\/p>\n","protected":false},"excerpt":{"rendered":"<p>Os nomes de fam\u00edlia que carregamos frequentemente v\u00e3o al\u00e9m de simples combina\u00e7\u00f5es de palavras; eles representam verdadeiros v\u00ednculos com nossas<\/p>\n","protected":false},"author":1,"featured_media":5040,"comment_status":"open","ping_status":"open","sticky":false,"template":"","format":"standard","meta":{"footnotes":""},"categories":[2],"tags":[],"class_list":["post-5039","post","type-post","status-publish","format-standard","has-post-thumbnail","hentry","category-noticias"],"_links":{"self":[{"href":"https:\/\/jornaloalvorada.com.br\/site\/wp-json\/wp\/v2\/posts\/5039","targetHints":{"allow":["GET"]}}],"collection":[{"href":"https:\/\/jornaloalvorada.com.br\/site\/wp-json\/wp\/v2\/posts"}],"about":[{"href":"https:\/\/jornaloalvorada.com.br\/site\/wp-json\/wp\/v2\/types\/post"}],"author":[{"embeddable":true,"href":"https:\/\/jornaloalvorada.com.br\/site\/wp-json\/wp\/v2\/users\/1"}],"replies":[{"embeddable":true,"href":"https:\/\/jornaloalvorada.com.br\/site\/wp-json\/wp\/v2\/comments?post=5039"}],"version-history":[{"count":1,"href":"https:\/\/jornaloalvorada.com.br\/site\/wp-json\/wp\/v2\/posts\/5039\/revisions"}],"predecessor-version":[{"id":5041,"href":"https:\/\/jornaloalvorada.com.br\/site\/wp-json\/wp\/v2\/posts\/5039\/revisions\/5041"}],"wp:featuredmedia":[{"embeddable":true,"href":"https:\/\/jornaloalvorada.com.br\/site\/wp-json\/wp\/v2\/media\/5040"}],"wp:attachment":[{"href":"https:\/\/jornaloalvorada.com.br\/site\/wp-json\/wp\/v2\/media?parent=5039"}],"wp:term":[{"taxonomy":"category","embeddable":true,"href":"https:\/\/jornaloalvorada.com.br\/site\/wp-json\/wp\/v2\/categories?post=5039"},{"taxonomy":"post_tag","embeddable":true,"href":"https:\/\/jornaloalvorada.com.br\/site\/wp-json\/wp\/v2\/tags?post=5039"}],"curies":[{"name":"wp","href":"https:\/\/api.w.org\/{rel}","templated":true}]}}