{"id":5034,"date":"2024-02-23T14:45:37","date_gmt":"2024-02-23T18:45:37","guid":{"rendered":"https:\/\/jornaloalvorada.com.br\/site\/?p=5034"},"modified":"2024-02-23T14:45:40","modified_gmt":"2024-02-23T18:45:40","slug":"prefeito-anuncia-nova-integrante-da-equipe-medica-do-municipio-pediatra-dra-laise-mazieiro","status":"publish","type":"post","link":"https:\/\/jornaloalvorada.com.br\/site\/2024\/02\/23\/prefeito-anuncia-nova-integrante-da-equipe-medica-do-municipio-pediatra-dra-laise-mazieiro\/","title":{"rendered":"Prefeito anuncia nova integrante da equipe m\u00e9dica do munic\u00edpio, pediatra Dra. Laise Mazieiro"},"content":{"rendered":"\n<p>\u00c9 com imenso prazer que anuncio uma not\u00edcia de extrema import\u00e2ncia para nossa comunidade. Hoje, nossa cidade tem a honra de receber a Dra. Laise Mazieiro, a mais nova integrante de nossa equipe m\u00e9dica e a nova pediatra do munic\u00edpio.<\/p>\n\n\n\n<p>A chegada da Dra. Laise Mazieiro representa um marco significativo em nosso compromisso cont\u00ednuo com a sa\u00fade e o bem-estar de nossas crian\u00e7as. Sua experi\u00eancia, dedica\u00e7\u00e3o e profissionalismo certamente contribuir\u00e3o para elevar o padr\u00e3o de atendimento pedi\u00e1trico em nossa regi\u00e3o.<\/p>\n\n\n\n<p>A sa\u00fade infantil \u00e9 uma prioridade para nossa administra\u00e7\u00e3o, e estamos empenhados em garantir que nossas crian\u00e7as recebam a aten\u00e7\u00e3o e os cuidados necess\u00e1rios para crescerem saud\u00e1veis e felizes.<\/p>\n\n\n\n<p>Com a chegada da Dra. Laise, fortalecemos ainda mais nossa rede de atendimento e ampliamos o acesso a servi\u00e7os m\u00e9dicos de qualidade para nossos jovens cidad\u00e3os e suas fam\u00edlias.<\/p>\n\n\n\n<p>Aproveito tamb\u00e9m para reiterar nosso compromisso inabal\u00e1vel com a melhoria cont\u00ednua de nossos servi\u00e7os de sa\u00fade e com o cuidado atencioso de nossos cidad\u00e3os, especialmente os mais jovens e vulner\u00e1veis.<\/p>\n","protected":false},"excerpt":{"rendered":"<p>\u00c9 com imenso prazer que anuncio uma not\u00edcia de extrema import\u00e2ncia para nossa comunidade. Hoje, nossa cidade tem a honra<\/p>\n","protected":false},"author":1,"featured_media":5035,"comment_status":"open","ping_status":"open","sticky":false,"template":"","format":"standard","meta":{"footnotes":""},"categories":[2],"tags":[],"class_list":["post-5034","post","type-post","status-publish","format-standard","has-post-thumbnail","hentry","category-noticias"],"_links":{"self":[{"href":"https:\/\/jornaloalvorada.com.br\/site\/wp-json\/wp\/v2\/posts\/5034","targetHints":{"allow":["GET"]}}],"collection":[{"href":"https:\/\/jornaloalvorada.com.br\/site\/wp-json\/wp\/v2\/posts"}],"about":[{"href":"https:\/\/jornaloalvorada.com.br\/site\/wp-json\/wp\/v2\/types\/post"}],"author":[{"embeddable":true,"href":"https:\/\/jornaloalvorada.com.br\/site\/wp-json\/wp\/v2\/users\/1"}],"replies":[{"embeddable":true,"href":"https:\/\/jornaloalvorada.com.br\/site\/wp-json\/wp\/v2\/comments?post=5034"}],"version-history":[{"count":1,"href":"https:\/\/jornaloalvorada.com.br\/site\/wp-json\/wp\/v2\/posts\/5034\/revisions"}],"predecessor-version":[{"id":5036,"href":"https:\/\/jornaloalvorada.com.br\/site\/wp-json\/wp\/v2\/posts\/5034\/revisions\/5036"}],"wp:featuredmedia":[{"embeddable":true,"href":"https:\/\/jornaloalvorada.com.br\/site\/wp-json\/wp\/v2\/media\/5035"}],"wp:attachment":[{"href":"https:\/\/jornaloalvorada.com.br\/site\/wp-json\/wp\/v2\/media?parent=5034"}],"wp:term":[{"taxonomy":"category","embeddable":true,"href":"https:\/\/jornaloalvorada.com.br\/site\/wp-json\/wp\/v2\/categories?post=5034"},{"taxonomy":"post_tag","embeddable":true,"href":"https:\/\/jornaloalvorada.com.br\/site\/wp-json\/wp\/v2\/tags?post=5034"}],"curies":[{"name":"wp","href":"https:\/\/api.w.org\/{rel}","templated":true}]}}