{"id":5026,"date":"2024-02-23T07:57:00","date_gmt":"2024-02-23T11:57:00","guid":{"rendered":"https:\/\/jornaloalvorada.com.br\/site\/?p=5026"},"modified":"2024-02-23T08:58:18","modified_gmt":"2024-02-23T12:58:18","slug":"com-instabilidade-meteorologica-ms-tem-previsao-de-pancadas-de-chuvas-no-fim-de-semana","status":"publish","type":"post","link":"https:\/\/jornaloalvorada.com.br\/site\/2024\/02\/23\/com-instabilidade-meteorologica-ms-tem-previsao-de-pancadas-de-chuvas-no-fim-de-semana\/","title":{"rendered":"Com instabilidade meteorol\u00f3gica, MS tem previs\u00e3o de pancadas de chuvas no fim de semana"},"content":{"rendered":"\n<p><div id=\"single\"><div class=\"container\"><div class=\"row\"><div class=\"col-12  col-lg-8\"><div class=\"post-466165 post type-post status-publish format-standard has-post-thumbnail hentry category-tempo tag-destaque1\" id=\"post-466165\"><div class=\"entry\"><p>Mato Grosso do Sul tem previs\u00e3o de pancadas de  chuva e ainda tempo com sol e varia\u00e7\u00e3o de nebulosidade no fim de semana,  devido a atua\u00e7\u00e3o de uma alta press\u00e3o atmosf\u00e9rica em m\u00e9dios e altos  n\u00edveis da atmosfera.<\/p> <p>Com a combina\u00e7\u00e3o de outros fatores meteorol\u00f3gicos, as pancadas de  chuvas e, de forma mais pontual, chuvas intensas acompanhadas de raios e  rajadas de vento pode ocorrer nas regi\u00f5es Norte, Central, Oeste e  Pantaneira.<\/p> <p>As instabilidades atmosf\u00e9ricas ocorrem devido a disponibilidade de  calor e umidade, aliado a passagem de cavados (regi\u00e3o alongada de  relativa press\u00e3o atmosf\u00e9rica baixa).<\/p> <p>As temperaturas v\u00e3o estar em gradativa eleva\u00e7\u00e3o a partir de s\u00e1bado  (24) at\u00e9 o in\u00edcio da pr\u00f3xima semana, e pode ultrapassar os 35\u00b0C,  principalmente na regi\u00e3o do Bols\u00e3o.<\/p> <p>Nas regi\u00f5es sul e leste s\u00e3o previstas temperaturas m\u00ednimas entre 21\u00b0C  e 24\u00b0C e m\u00e1ximas de at\u00e9 35\u00b0C nas regi\u00f5es Sul e Leste. Para as regi\u00f5es  Sudoeste, Norte e Pantaneira, as m\u00ednimas devem ficar entre 22\u00b0C e 25\u00b0C e  m\u00e1ximas de at\u00e9 33\u00b0C.<\/p> <p>Para a regi\u00e3o do Bols\u00e3o as m\u00ednimas devem ficar entre 24\u00b0C e 25\u00b0C e  m\u00e1xima deve ser de at\u00e9 36\u00b0C. Em Campo Grande, s\u00e3o esperadas m\u00ednimas  entre 22\u00b0C e 24\u00b0C e m\u00e1ximas entre 30\u00b0C e 31\u00b0C.\u00a0<\/p> <div id=\"gallery-1\" class=\"gallery galleryid-466165 gallery-columns-1 gallery-size-large\"><figure class=\"gallery-item\"> <div class=\"gallery-icon landscape\"> <a href=\"https:\/\/agenciadenoticias.ms.gov.br\/wp-content\/uploads\/2024\/02\/Mapa-Previsao-23-02-24.jpeg\"><img loading=\"lazy\" decoding=\"async\" width=\"1024\" height=\"724\" class=\"attachment-large size-large\" src=\"https:\/\/agenciadenoticias.ms.gov.br\/wp-content\/uploads\/2024\/02\/Mapa-Previsao-23-02-24-1024x724.jpeg\" alt=\"\"><\/a> <\/div><\/figure> <\/div> <p><em>Comunica\u00e7\u00e3o Governo de MS Foto: Bruno Rezende<\/em><\/p> <\/div><\/div><\/div><\/div><\/div><\/div><\/p>\n","protected":false},"excerpt":{"rendered":"<p>Mato Grosso do Sul tem previs\u00e3o de pancadas de chuva e ainda tempo com sol e varia\u00e7\u00e3o de nebulosidade no<\/p>\n","protected":false},"author":1,"featured_media":5027,"comment_status":"open","ping_status":"open","sticky":false,"template":"","format":"standard","meta":{"footnotes":""},"categories":[2],"tags":[],"class_list":["post-5026","post","type-post","status-publish","format-standard","has-post-thumbnail","hentry","category-noticias"],"_links":{"self":[{"href":"https:\/\/jornaloalvorada.com.br\/site\/wp-json\/wp\/v2\/posts\/5026","targetHints":{"allow":["GET"]}}],"collection":[{"href":"https:\/\/jornaloalvorada.com.br\/site\/wp-json\/wp\/v2\/posts"}],"about":[{"href":"https:\/\/jornaloalvorada.com.br\/site\/wp-json\/wp\/v2\/types\/post"}],"author":[{"embeddable":true,"href":"https:\/\/jornaloalvorada.com.br\/site\/wp-json\/wp\/v2\/users\/1"}],"replies":[{"embeddable":true,"href":"https:\/\/jornaloalvorada.com.br\/site\/wp-json\/wp\/v2\/comments?post=5026"}],"version-history":[{"count":1,"href":"https:\/\/jornaloalvorada.com.br\/site\/wp-json\/wp\/v2\/posts\/5026\/revisions"}],"predecessor-version":[{"id":5028,"href":"https:\/\/jornaloalvorada.com.br\/site\/wp-json\/wp\/v2\/posts\/5026\/revisions\/5028"}],"wp:featuredmedia":[{"embeddable":true,"href":"https:\/\/jornaloalvorada.com.br\/site\/wp-json\/wp\/v2\/media\/5027"}],"wp:attachment":[{"href":"https:\/\/jornaloalvorada.com.br\/site\/wp-json\/wp\/v2\/media?parent=5026"}],"wp:term":[{"taxonomy":"category","embeddable":true,"href":"https:\/\/jornaloalvorada.com.br\/site\/wp-json\/wp\/v2\/categories?post=5026"},{"taxonomy":"post_tag","embeddable":true,"href":"https:\/\/jornaloalvorada.com.br\/site\/wp-json\/wp\/v2\/tags?post=5026"}],"curies":[{"name":"wp","href":"https:\/\/api.w.org\/{rel}","templated":true}]}}