{"id":5019,"date":"2024-02-22T14:21:31","date_gmt":"2024-02-22T18:21:31","guid":{"rendered":"https:\/\/jornaloalvorada.com.br\/site\/?p=5019"},"modified":"2024-02-22T14:21:34","modified_gmt":"2024-02-22T18:21:34","slug":"governo-russo-reage-apos-biden-chamar-putin-de-fdp-louco","status":"publish","type":"post","link":"https:\/\/jornaloalvorada.com.br\/site\/2024\/02\/22\/governo-russo-reage-apos-biden-chamar-putin-de-fdp-louco\/","title":{"rendered":"Governo russo reage ap\u00f3s Biden chamar Putin de \u201cFDP louco\u201d"},"content":{"rendered":"\n<p><div class=\"jeg_viewport\"><div class=\"post-wrapper\"><div class=\"post-wrap\"><div class=\"jeg_main \"><div class=\"jeg_container\"><div class=\"jeg_content jeg_singlepage\"><div class=\"container\"><div class=\"row\"><div class=\"jeg_main_content col-md-8\"><div class=\"jeg_inner_content\"><div class=\"entry-content no-share\"><div class=\"content-inner \"><p>Ap\u00f3s Joe Biden chamar Vladimir Putin de \u201cFDP louco\u201d, o governo russo  respondeu, alegando que o presidente dos Estados Unidos est\u00e1 tentando se  assemelhar a um \u201ccowboy de Hollywood\u201d. A declara\u00e7\u00e3o foi feita nesta  quinta-feira (22).Durante um evento de campanha em S\u00e3o Francisco, Calif\u00f3rnia, na  quarta-feira (21), Biden dirigiu xingamentos a Putin, utilizando a  abrevia\u00e7\u00e3o em ingl\u00eas \u201cSOB\u201d, que corresponde a \u201cson of a bitch\u201d \u2014 insulto  traduzido para o portugu\u00eas como \u201cfilho da puta\u201d.<\/p><\/div><\/div><\/div><\/div><\/div><\/div><\/div><\/div><\/div><\/div><\/div><\/div> Em contrapartida, o Kremlin afirmou que o coment\u00e1rio de Biden desvaloriza os Estados Unidos e aqueles que recorrem a esse tipo de linguagem.<\/p>\n\n\n\n<p>O governo russo tamb\u00e9m disse que o uso \u201cdessas palavras\u201d n\u00e3o atinge Putin, mas soam uma tentativa fraca de Biden parecer um \u201ccowboy de Hollywood\u201d.<\/p>\n\n\n\n<p>\u201c\u00c9 improv\u00e1vel que o uso de tal linguagem contra o chefe de outro Estado pelo presidente dos Estados Unidos prejudique o nosso presidente, o presidente Putin\u201d, disse o porta-voz do Kremlin, Dmitry Peskov.<\/p>\n\n\n\n<p>\u201cPutin alguma vez usou uma palavra grosseira para se dirigir a voc\u00ea? Isso nunca aconteceu. Portanto, acho que esse vocabul\u00e1rio rebaixa a pr\u00f3pria Am\u00e9rica.\u201d<\/p>\n\n\n\n<p>No discurso na Calif\u00f3rnia, Biden quis demonstrar sua preocupa\u00e7\u00e3o com um conflito nuclear. Em outras oportunidades, o presidente norte-americano tamb\u00e9m chamou Putin de \u201ccarniceiro\u201d e \u201ccriminoso de guerra\u201d.<\/p>\n\n\n\n<p><strong><em>Com informa\u00e7\u00f5es de G1<\/em><\/strong><\/p>\n","protected":false},"excerpt":{"rendered":"<p>Ap\u00f3s Joe Biden chamar Vladimir Putin de \u201cFDP louco\u201d, o governo russo respondeu, alegando que o presidente dos Estados Unidos<\/p>\n","protected":false},"author":1,"featured_media":5020,"comment_status":"open","ping_status":"open","sticky":false,"template":"","format":"standard","meta":{"footnotes":""},"categories":[2],"tags":[],"class_list":["post-5019","post","type-post","status-publish","format-standard","has-post-thumbnail","hentry","category-noticias"],"_links":{"self":[{"href":"https:\/\/jornaloalvorada.com.br\/site\/wp-json\/wp\/v2\/posts\/5019","targetHints":{"allow":["GET"]}}],"collection":[{"href":"https:\/\/jornaloalvorada.com.br\/site\/wp-json\/wp\/v2\/posts"}],"about":[{"href":"https:\/\/jornaloalvorada.com.br\/site\/wp-json\/wp\/v2\/types\/post"}],"author":[{"embeddable":true,"href":"https:\/\/jornaloalvorada.com.br\/site\/wp-json\/wp\/v2\/users\/1"}],"replies":[{"embeddable":true,"href":"https:\/\/jornaloalvorada.com.br\/site\/wp-json\/wp\/v2\/comments?post=5019"}],"version-history":[{"count":1,"href":"https:\/\/jornaloalvorada.com.br\/site\/wp-json\/wp\/v2\/posts\/5019\/revisions"}],"predecessor-version":[{"id":5021,"href":"https:\/\/jornaloalvorada.com.br\/site\/wp-json\/wp\/v2\/posts\/5019\/revisions\/5021"}],"wp:featuredmedia":[{"embeddable":true,"href":"https:\/\/jornaloalvorada.com.br\/site\/wp-json\/wp\/v2\/media\/5020"}],"wp:attachment":[{"href":"https:\/\/jornaloalvorada.com.br\/site\/wp-json\/wp\/v2\/media?parent=5019"}],"wp:term":[{"taxonomy":"category","embeddable":true,"href":"https:\/\/jornaloalvorada.com.br\/site\/wp-json\/wp\/v2\/categories?post=5019"},{"taxonomy":"post_tag","embeddable":true,"href":"https:\/\/jornaloalvorada.com.br\/site\/wp-json\/wp\/v2\/tags?post=5019"}],"curies":[{"name":"wp","href":"https:\/\/api.w.org\/{rel}","templated":true}]}}