{"id":5016,"date":"2024-02-22T14:18:45","date_gmt":"2024-02-22T18:18:45","guid":{"rendered":"https:\/\/jornaloalvorada.com.br\/site\/?p=5016"},"modified":"2024-02-22T14:18:49","modified_gmt":"2024-02-22T18:18:49","slug":"paraibano-de-14-anos-de-idade-e-considerado-um-genio-da-matematica","status":"publish","type":"post","link":"https:\/\/jornaloalvorada.com.br\/site\/2024\/02\/22\/paraibano-de-14-anos-de-idade-e-considerado-um-genio-da-matematica\/","title":{"rendered":"Paraibano de 14 anos de idade \u00e9 considerado um g\u00eanio da matem\u00e1tica"},"content":{"rendered":"\n<p>Com apenas 14 anos, Gustavo Viana, residente em Ara\u00e7agi, no interior  da Para\u00edba, conquista reconhecimento como um prod\u00edgio da matem\u00e1tica. Sua  habilidade excepcional \u00e9 evidenciada atrav\u00e9s de v\u00eddeos compartilhados  na internet, nos quais resolve desafios complexos provenientes de exames  vestibulares.<\/p>\n\n\n\n<p><strong>Assista abaixo:<\/strong><\/p>\n\n\n\n<figure class=\"wp-block-embed is-type-rich is-provider-twitter wp-block-embed-twitter\"><div class=\"wp-block-embed__wrapper\">\n<blockquote class=\"twitter-tweet\" data-width=\"550\" data-dnt=\"true\"><p lang=\"pt\" dir=\"ltr\">Paraibano de 14 anos de idade \u00e9 considerado um g\u00eanio da matem\u00e1tica; ASSISTA V\u00cdDEO EM QUE ELE FAZ RESOLU\u00c7\u00c3O DE QUEST\u00c3O <a href=\"https:\/\/t.co\/2YUarMgWSb\">pic.twitter.com\/2YUarMgWSb<\/a><\/p>&mdash; Diario do Brasil Not\u00edcias (@diariobrasil_n) <a href=\"https:\/\/twitter.com\/diariobrasil_n\/status\/1760630224926941559?ref_src=twsrc%5Etfw\">February 22, 2024<\/a><\/blockquote><script async src=\"https:\/\/platform.twitter.com\/widgets.js\" charset=\"utf-8\"><\/script>\n<\/div><\/figure>\n","protected":false},"excerpt":{"rendered":"<p>Com apenas 14 anos, Gustavo Viana, residente em Ara\u00e7agi, no interior da Para\u00edba, conquista reconhecimento como um prod\u00edgio da matem\u00e1tica.<\/p>\n","protected":false},"author":1,"featured_media":5017,"comment_status":"open","ping_status":"open","sticky":false,"template":"","format":"standard","meta":{"footnotes":""},"categories":[2],"tags":[],"class_list":["post-5016","post","type-post","status-publish","format-standard","has-post-thumbnail","hentry","category-noticias"],"_links":{"self":[{"href":"https:\/\/jornaloalvorada.com.br\/site\/wp-json\/wp\/v2\/posts\/5016","targetHints":{"allow":["GET"]}}],"collection":[{"href":"https:\/\/jornaloalvorada.com.br\/site\/wp-json\/wp\/v2\/posts"}],"about":[{"href":"https:\/\/jornaloalvorada.com.br\/site\/wp-json\/wp\/v2\/types\/post"}],"author":[{"embeddable":true,"href":"https:\/\/jornaloalvorada.com.br\/site\/wp-json\/wp\/v2\/users\/1"}],"replies":[{"embeddable":true,"href":"https:\/\/jornaloalvorada.com.br\/site\/wp-json\/wp\/v2\/comments?post=5016"}],"version-history":[{"count":1,"href":"https:\/\/jornaloalvorada.com.br\/site\/wp-json\/wp\/v2\/posts\/5016\/revisions"}],"predecessor-version":[{"id":5018,"href":"https:\/\/jornaloalvorada.com.br\/site\/wp-json\/wp\/v2\/posts\/5016\/revisions\/5018"}],"wp:featuredmedia":[{"embeddable":true,"href":"https:\/\/jornaloalvorada.com.br\/site\/wp-json\/wp\/v2\/media\/5017"}],"wp:attachment":[{"href":"https:\/\/jornaloalvorada.com.br\/site\/wp-json\/wp\/v2\/media?parent=5016"}],"wp:term":[{"taxonomy":"category","embeddable":true,"href":"https:\/\/jornaloalvorada.com.br\/site\/wp-json\/wp\/v2\/categories?post=5016"},{"taxonomy":"post_tag","embeddable":true,"href":"https:\/\/jornaloalvorada.com.br\/site\/wp-json\/wp\/v2\/tags?post=5016"}],"curies":[{"name":"wp","href":"https:\/\/api.w.org\/{rel}","templated":true}]}}