{"id":5013,"date":"2024-02-22T14:15:32","date_gmt":"2024-02-22T18:15:32","guid":{"rendered":"https:\/\/jornaloalvorada.com.br\/site\/?p=5013"},"modified":"2024-02-22T14:15:34","modified_gmt":"2024-02-22T18:15:34","slug":"prefeito-paleari-recebe-renato-assuncao","status":"publish","type":"post","link":"https:\/\/jornaloalvorada.com.br\/site\/2024\/02\/22\/prefeito-paleari-recebe-renato-assuncao\/","title":{"rendered":"Prefeito Paleari recebe Renato Assun\u00e7\u00e3o"},"content":{"rendered":"\n<p>Recebendo no gabinete o nosso parceiro Renato Assun\u00e7\u00e3o.<\/p>\n\n\n\n<p>As portas do nosso gabinete sempre estar\u00e3o abertas para a nossa gente.<\/p>\n","protected":false},"excerpt":{"rendered":"<p>Recebendo no gabinete o nosso parceiro Renato Assun\u00e7\u00e3o. As portas do nosso gabinete sempre estar\u00e3o abertas para a nossa gente.<\/p>\n","protected":false},"author":1,"featured_media":5014,"comment_status":"open","ping_status":"open","sticky":false,"template":"","format":"standard","meta":{"footnotes":""},"categories":[3],"tags":[],"class_list":["post-5013","post","type-post","status-publish","format-standard","has-post-thumbnail","hentry","category-social"],"_links":{"self":[{"href":"https:\/\/jornaloalvorada.com.br\/site\/wp-json\/wp\/v2\/posts\/5013","targetHints":{"allow":["GET"]}}],"collection":[{"href":"https:\/\/jornaloalvorada.com.br\/site\/wp-json\/wp\/v2\/posts"}],"about":[{"href":"https:\/\/jornaloalvorada.com.br\/site\/wp-json\/wp\/v2\/types\/post"}],"author":[{"embeddable":true,"href":"https:\/\/jornaloalvorada.com.br\/site\/wp-json\/wp\/v2\/users\/1"}],"replies":[{"embeddable":true,"href":"https:\/\/jornaloalvorada.com.br\/site\/wp-json\/wp\/v2\/comments?post=5013"}],"version-history":[{"count":1,"href":"https:\/\/jornaloalvorada.com.br\/site\/wp-json\/wp\/v2\/posts\/5013\/revisions"}],"predecessor-version":[{"id":5015,"href":"https:\/\/jornaloalvorada.com.br\/site\/wp-json\/wp\/v2\/posts\/5013\/revisions\/5015"}],"wp:featuredmedia":[{"embeddable":true,"href":"https:\/\/jornaloalvorada.com.br\/site\/wp-json\/wp\/v2\/media\/5014"}],"wp:attachment":[{"href":"https:\/\/jornaloalvorada.com.br\/site\/wp-json\/wp\/v2\/media?parent=5013"}],"wp:term":[{"taxonomy":"category","embeddable":true,"href":"https:\/\/jornaloalvorada.com.br\/site\/wp-json\/wp\/v2\/categories?post=5013"},{"taxonomy":"post_tag","embeddable":true,"href":"https:\/\/jornaloalvorada.com.br\/site\/wp-json\/wp\/v2\/tags?post=5013"}],"curies":[{"name":"wp","href":"https:\/\/api.w.org\/{rel}","templated":true}]}}