{"id":5011,"date":"2024-02-22T10:41:57","date_gmt":"2024-02-22T14:41:57","guid":{"rendered":"https:\/\/jornaloalvorada.com.br\/site\/?p=5011"},"modified":"2024-02-22T10:41:59","modified_gmt":"2024-02-22T14:41:59","slug":"urgente-daniel-alves-e-condenado-a-prisao-na-espanha-por-estupro-veja-sentenca","status":"publish","type":"post","link":"https:\/\/jornaloalvorada.com.br\/site\/2024\/02\/22\/urgente-daniel-alves-e-condenado-a-prisao-na-espanha-por-estupro-veja-sentenca\/","title":{"rendered":"URGENTE: Daniel Alves \u00e9 condenado \u00e0 pris\u00e3o na Espanha por estupro; veja senten\u00e7a"},"content":{"rendered":"\n<p>O jogador Daniel Alves foi condenado pelo Tribunal de Barcelona, na Espanha, a uma pena de quatro anos e seis meses de pris\u00e3o por estupro de uma mulher de 23 anos em uma boate da cidade. Al\u00e9m disso, ele ficar\u00e1 sob liberdade vigiada por cinco anos ap\u00f3s cumprir a pena, com a proibi\u00e7\u00e3o de se comunicar ou se aproximar da v\u00edtima. O crime ocorreu em dezembro de 2022, poucos dias ap\u00f3s a participa\u00e7\u00e3o do atleta na Copa do Mundo do Catar com a sele\u00e7\u00e3o brasileira. A senten\u00e7a foi proferida pela ju\u00edza Isabel Delgado P\u00e9rez nesta quinta-feira, dia 22, e cabe recurso.<\/p>\n\n\n\n<p>Daniel Alves chegou ao tribunal por volta das 10h (6h no Hor\u00e1rio de Bras\u00edlia). Al\u00e9m do jogador, estavam presentes durante o an\u00fancio da senten\u00e7a Ester Garc\u00eda, advogada da v\u00edtima; In\u00e9s Guardiola, respons\u00e1vel pela defesa de Daniel Alves; e a promotora Elisabet Jim\u00e9nez. Os magistrados consideram provado que jogador&nbsp;<strong>\u201cagarrou abruptamente a denunciante, a atirou ao ch\u00e3o e, impedindo-a de se mexer, a penetrou pela vagina\u201d<\/strong>, entendendo ter existido&nbsp;<strong>\u201caus\u00eancia de consentimento, com uso de viol\u00eancia, e com acesso carnal\u201d<\/strong>.<\/p>\n\n\n\n<p>A resolu\u00e7\u00e3o explica, ainda, que&nbsp;<strong>\u201cpara a exist\u00eancia de agress\u00e3o sexual n\u00e3o \u00e9 necess\u00e1rio que ocorram les\u00f5es f\u00edsicas, nem que haja provas de oposi\u00e7\u00e3o por parte da v\u00edtima a ter rela\u00e7\u00f5es sexuais\u201d<\/strong>, especificando que \u201c<strong>no presente caso encontramos tamb\u00e9m les\u00f5es na v\u00edtima que tornam mais do que evidente a exist\u00eancia de viol\u00eancia para for\u00e7ar a sua vontade, com posterior acesso carnal que n\u00e3o \u00e9 negado pelo acusado\u201d<\/strong>.<\/p>\n\n\n\n<p>Ainda de acordo com o veredito,&nbsp;<strong>o tribunal chegou \u00e0 conclus\u00e3o dos fatos ao ter \u201cavaliado positivamente o depoimento da v\u00edtima no julgamento, juntamente com outras provas que corroboram a sua hist\u00f3ria\u201d<\/strong>. Foi considerado essencial para os magistrados a denunciante ter sido&nbsp;<strong>\u201ccoerente e persistente\u201d<\/strong>&nbsp;em sua vers\u00e3o ao longo da investiga\u00e7\u00e3o e tamb\u00e9m durante a audi\u00eancia do dia 5 de fevereiro, sem apresentar ind\u00edcios de contradi\u00e7\u00e3o relevante em rela\u00e7\u00e3o ao afirmado anteriormente \u00e0s autoridades. Os magistrados tamb\u00e9m citam \u201ccorrobora\u00e7\u00e3o perif\u00e9rica suficiente que apoia a vers\u00e3o do reclamante em rela\u00e7\u00e3o \u00e0 penetra\u00e7\u00e3o vaginal n\u00e3o consensual\u201d.<\/p>\n\n\n\n<p>Daniel Alves, que mant\u00e9m sua alega\u00e7\u00e3o de inoc\u00eancia, permaneceu em pris\u00e3o preventiva por 13 meses e continuar\u00e1 detido durante o processo de apela\u00e7\u00e3o. O julgamento de Daniel Alves teve a dura\u00e7\u00e3o de tr\u00eas dias, encerrando-se em 7 de fevereiro. A mulher que apresentou a acusa\u00e7\u00e3o contra o jogador sustentou sua vers\u00e3o inicial, reafirmando ter sido v\u00edtima de viol\u00eancia. Durante o julgamento, o jogador expressou emo\u00e7\u00e3o intensa, alegando estar sob efeito de \u00e1lcool, mas negando que a rela\u00e7\u00e3o tenha ocorrido de forma coercitiva.<\/p>\n\n\n\n<p>A alega\u00e7\u00e3o de que Daniel Alves estava \u00e9brio na noite do crime foi a estrat\u00e9gia mais recente da defesa para atenuar uma eventual pena do jogador. De acordo com a senten\u00e7a, \u201cn\u00e3o existe a circunst\u00e2ncia modificadora da responsabilidade penal da embriaguez, uma vez que n\u00e3o foi comprovado em plen\u00e1rio o impacto que o consumo de \u00e1lcool poderia ter nas faculdades volitivas e cognitivas do acusado\u201d.<\/p>\n\n\n\n<p>O Minist\u00e9rio P\u00fablico da Espanha solicitou uma senten\u00e7a de nove anos de pris\u00e3o para o jogador, mas havia expectativas de que a condena\u00e7\u00e3o n\u00e3o ultrapassasse seis anos. Isso se deve ao fato de que, no in\u00edcio do processo, a defesa do jogador compensou a Justi\u00e7a com uma quantia de 150 mil euros (aproximadamente R$ 800 mil), como uma forma de mitigar a pena, caracterizando uma esp\u00e9cie de indeniza\u00e7\u00e3o \u00e0 v\u00edtima de abuso. Al\u00e9m disso, o jogador foi instru\u00eddo a arcar com os custos do processo.<\/p>\n\n\n\n<p>Ao longo do per\u00edodo detido, Daniel Alves mudou sua vers\u00e3o sobre o caso por diversas vezes, trocou de defesa e teve tr\u00eas pedidos de liberdade provis\u00f3ria negados, com a Justi\u00e7a citando risco de fuga. Recentemente, foi noticiado que Daniel Alves foi acusado por um colega de cela de planejar uma fuga para o Brasil. Seu estado emocional \u201cdeprimido e desanimado\u201d tamb\u00e9m fizeram a pris\u00e3o onde ele est\u00e1 detido acionar um protocolo antissuic\u00eddio.<\/p>\n\n\n\n<h3 class=\"wp-block-heading\">A den\u00fancia<\/h3>\n\n\n\n<p>A hist\u00f3ria veio \u00e0 tona em 31 de dezembro de 2022, quando a m\u00eddia espanhola divulgou que Daniel Alves estava sendo acusado de agress\u00e3o sexual a uma jovem na casa noturna Sutton, em Barcelona, na v\u00e9spera. O jogador brasileiro, que estava no M\u00e9xico para a temporada de 2023 com o Pumas, decidiu retornar voluntariamente a Barcelona com sua esposa, Joana Sanz, para prestar depoimento pela primeira vez.<\/p>\n\n\n\n<p>Inicialmente, ele negou conhecer a mulher que o acusava. No entanto, inconsist\u00eancias em suas declara\u00e7\u00f5es \u00e0 Justi\u00e7a e o risco de fuga do pa\u00eds levaram a ju\u00edza Maria Concepci\u00f3n Canton Mart\u00edn a ordenar sua pris\u00e3o em 20 de janeiro. Daniel Alves foi detido no Centro Penitenci\u00e1rio Brians 2, e o Pumas anunciou sua demiss\u00e3o ap\u00f3s a pris\u00e3o.<\/p>\n\n\n\n<p>Os resultados do Instituto Nacional de Toxicologia e Ci\u00eancias Forenses de Barcelona confirmaram que o s\u00eamen encontrado nas amostras intravaginais da denunciante e no ch\u00e3o do banheiro da boate pertencia a Daniel Alves. Em abril, o jogador solicitou depor novamente, admitindo que houve penetra\u00e7\u00e3o na rela\u00e7\u00e3o com a denunciante, mas alegou que o ato foi consensual. Ele afirmou tamb\u00e9m ter fornecido diversas vers\u00f5es \u00e0 Justi\u00e7a para ocultar a infidelidade e proteger seu casamento. Apesar de cinco pedidos de liberdade provis\u00f3ria, todos foram negados pelo Minist\u00e9rio P\u00fablico da Espanha.<\/p>\n\n\n\n<p><strong><em>Com informa\u00e7\u00f5es de Estad\u00e3o<\/em><\/strong><\/p>\n","protected":false},"excerpt":{"rendered":"<p>O jogador Daniel Alves foi condenado pelo Tribunal de Barcelona, na Espanha, a uma pena de quatro anos e seis<\/p>\n","protected":false},"author":1,"featured_media":5005,"comment_status":"open","ping_status":"open","sticky":false,"template":"","format":"standard","meta":{"footnotes":""},"categories":[2],"tags":[],"class_list":["post-5011","post","type-post","status-publish","format-standard","has-post-thumbnail","hentry","category-noticias"],"_links":{"self":[{"href":"https:\/\/jornaloalvorada.com.br\/site\/wp-json\/wp\/v2\/posts\/5011","targetHints":{"allow":["GET"]}}],"collection":[{"href":"https:\/\/jornaloalvorada.com.br\/site\/wp-json\/wp\/v2\/posts"}],"about":[{"href":"https:\/\/jornaloalvorada.com.br\/site\/wp-json\/wp\/v2\/types\/post"}],"author":[{"embeddable":true,"href":"https:\/\/jornaloalvorada.com.br\/site\/wp-json\/wp\/v2\/users\/1"}],"replies":[{"embeddable":true,"href":"https:\/\/jornaloalvorada.com.br\/site\/wp-json\/wp\/v2\/comments?post=5011"}],"version-history":[{"count":1,"href":"https:\/\/jornaloalvorada.com.br\/site\/wp-json\/wp\/v2\/posts\/5011\/revisions"}],"predecessor-version":[{"id":5012,"href":"https:\/\/jornaloalvorada.com.br\/site\/wp-json\/wp\/v2\/posts\/5011\/revisions\/5012"}],"wp:featuredmedia":[{"embeddable":true,"href":"https:\/\/jornaloalvorada.com.br\/site\/wp-json\/wp\/v2\/media\/5005"}],"wp:attachment":[{"href":"https:\/\/jornaloalvorada.com.br\/site\/wp-json\/wp\/v2\/media?parent=5011"}],"wp:term":[{"taxonomy":"category","embeddable":true,"href":"https:\/\/jornaloalvorada.com.br\/site\/wp-json\/wp\/v2\/categories?post=5011"},{"taxonomy":"post_tag","embeddable":true,"href":"https:\/\/jornaloalvorada.com.br\/site\/wp-json\/wp\/v2\/tags?post=5011"}],"curies":[{"name":"wp","href":"https:\/\/api.w.org\/{rel}","templated":true}]}}