{"id":5004,"date":"2024-02-21T17:02:33","date_gmt":"2024-02-21T21:02:33","guid":{"rendered":"https:\/\/jornaloalvorada.com.br\/site\/?p=5004"},"modified":"2024-02-21T17:02:35","modified_gmt":"2024-02-21T21:02:35","slug":"a-espera-de-veredito-dani-alves-e-convocado-a-tribunal-de-barcelona","status":"publish","type":"post","link":"https:\/\/jornaloalvorada.com.br\/site\/2024\/02\/21\/a-espera-de-veredito-dani-alves-e-convocado-a-tribunal-de-barcelona\/","title":{"rendered":"\u00c0 espera de veredito, Dani Alves \u00e9 convocado a tribunal de Barcelona"},"content":{"rendered":"\n<p>O ex-jogador de futebol Daniel Alves foi convocado pela ju\u00edza que  analisa seu caso na Espanha a comparecer a um tribunal de Barcelona na  5\u00aa feira (22.fev.2024). A informa\u00e7\u00e3o \u00e9 do jornal <a href=\"https:\/\/www.lavanguardia.com\/vida\/20240221\/9524781\/dani-alves-convocado-jueves-audiencia-barcelona.html\" target=\"_blank\" rel=\"noopener\">La Vanguardia<\/a>,  que diz que a convoca\u00e7\u00e3o deve tratar de um pedido de liberdade  provis\u00f3ria impetrado pela defesa do ex-jogador ou para ler a senten\u00e7a.  At\u00e9 o momento, a data esperada para o veredito \u00e9 7 de mar\u00e7o. Segundo a  publica\u00e7\u00e3o, foram convocados, al\u00e9m de Daniel Alves e sua defesa, a  promotora, Elisabet Jim\u00e9nez e a advogada da denunciante, Ester Garc\u00eda. O  ex-jogador \u00e9 investigado por ass\u00e9dio sexual contra uma jovem de 23  anos, que teria cometido em dezembro de 2022, na boate Sutton, em  Barcelona. O <a href=\"https:\/\/www.poder360.com.br\/internacional\/mp-da-espanha-mantem-pedido-de-9-anos-de-prisao-para-daniel-alves\/\" target=\"_blank\" rel=\"noopener\">julgamento do caso<\/a> foi encerrado em 7 de fevereiro.<\/p>\n\n\n\n<p><strong><em>Fonte: Poder360<\/em><\/strong><\/p>\n","protected":false},"excerpt":{"rendered":"<p>O ex-jogador de futebol Daniel Alves foi convocado pela ju\u00edza que analisa seu caso na Espanha a comparecer a um<\/p>\n","protected":false},"author":1,"featured_media":5005,"comment_status":"open","ping_status":"open","sticky":false,"template":"","format":"standard","meta":{"footnotes":""},"categories":[2],"tags":[],"class_list":["post-5004","post","type-post","status-publish","format-standard","has-post-thumbnail","hentry","category-noticias"],"_links":{"self":[{"href":"https:\/\/jornaloalvorada.com.br\/site\/wp-json\/wp\/v2\/posts\/5004","targetHints":{"allow":["GET"]}}],"collection":[{"href":"https:\/\/jornaloalvorada.com.br\/site\/wp-json\/wp\/v2\/posts"}],"about":[{"href":"https:\/\/jornaloalvorada.com.br\/site\/wp-json\/wp\/v2\/types\/post"}],"author":[{"embeddable":true,"href":"https:\/\/jornaloalvorada.com.br\/site\/wp-json\/wp\/v2\/users\/1"}],"replies":[{"embeddable":true,"href":"https:\/\/jornaloalvorada.com.br\/site\/wp-json\/wp\/v2\/comments?post=5004"}],"version-history":[{"count":1,"href":"https:\/\/jornaloalvorada.com.br\/site\/wp-json\/wp\/v2\/posts\/5004\/revisions"}],"predecessor-version":[{"id":5006,"href":"https:\/\/jornaloalvorada.com.br\/site\/wp-json\/wp\/v2\/posts\/5004\/revisions\/5006"}],"wp:featuredmedia":[{"embeddable":true,"href":"https:\/\/jornaloalvorada.com.br\/site\/wp-json\/wp\/v2\/media\/5005"}],"wp:attachment":[{"href":"https:\/\/jornaloalvorada.com.br\/site\/wp-json\/wp\/v2\/media?parent=5004"}],"wp:term":[{"taxonomy":"category","embeddable":true,"href":"https:\/\/jornaloalvorada.com.br\/site\/wp-json\/wp\/v2\/categories?post=5004"},{"taxonomy":"post_tag","embeddable":true,"href":"https:\/\/jornaloalvorada.com.br\/site\/wp-json\/wp\/v2\/tags?post=5004"}],"curies":[{"name":"wp","href":"https:\/\/api.w.org\/{rel}","templated":true}]}}