{"id":4998,"date":"2024-02-21T09:47:48","date_gmt":"2024-02-21T13:47:48","guid":{"rendered":"https:\/\/jornaloalvorada.com.br\/site\/?p=4998"},"modified":"2024-02-21T09:47:51","modified_gmt":"2024-02-21T13:47:51","slug":"campo-grande-recebe-226-atletas-em-etapa-do-circuito-brasileiro-e-sera-a-capital-do-volei-ate-domingo","status":"publish","type":"post","link":"https:\/\/jornaloalvorada.com.br\/site\/2024\/02\/21\/campo-grande-recebe-226-atletas-em-etapa-do-circuito-brasileiro-e-sera-a-capital-do-volei-ate-domingo\/","title":{"rendered":"Campo Grande recebe 226 atletas em etapa do Circuito Brasileiro e ser\u00e1 a \u2018capital do v\u00f4lei\u2019 at\u00e9 domingo"},"content":{"rendered":"\n<p>O sacador com a bola nas m\u00e3os est\u00e1 totalmente concentrado. Bater forte ou colocado? Arriscar uma jogada genial ou apostar na seguran\u00e7a de um saque mais comedido? Tais d\u00favidas s\u00e3o exemplos de decis\u00f5es que 226 atletas de todo o Brasil ter\u00e3o que tomar a partir desta quarta-feira (21) nas quadras de areia montadas no Parque das Na\u00e7\u00f5es Ind\u00edgenas, o &#8216;cora\u00e7\u00e3o verde&#8217; de Campo Grande, na 1\u00aa etapa do Circuito Brasileiro de V\u00f4lei de Praia.<\/p>\n\n\n\n<p>Previsto para at\u00e9 domingo (25), o evento que j\u00e1 se tornou uma tradi\u00e7\u00e3o no come\u00e7o do ano na cidade conta com apoio do Governo de Mato Grosso do Sul, atrav\u00e9s da Setesc (Secretaria de Estado de Turismo, Esporte e Cultura) e da Fundesporte (Funda\u00e7\u00e3o de Desporto e Lazer). A entrada do p\u00fablico \u00e9 gratuita, mediante a um r\u00e1pido cadastro no local.<\/p>\n\n\n\n<p>J\u00e1 nesta quarta come\u00e7a a disputa do qualificat\u00f3rio do Aberto, das 8h \u00e0s 18h, enquanto que na quinta-feira (22) das 8h30 \u00e0s 17h30 acontece a fase de grupos e oitavas de final do Aberto &#8211; nessas fases os inscritos com ranqueamento baixo disputam uma vaga nas fases principais.<\/p>\n\n\n\n<p>A partir de sexta-feira (23), as disputam come\u00e7am a esquentar com a fase de grupos do Top 16 e \u00e0s quartas de final e semifinais do Aberto, das 8h30 \u00e0s 18h30. No s\u00e1bado, ocorre as oitavas de final e quartas de final do Top 16, al\u00e9m das finais do Aberto, entre 8h30 e 13h.<\/p>\n\n\n\n<p>No per\u00edodo da tarde, ainda no s\u00e1bado, acontecem as semifinais do Top 16, das 16h \u00e0s 19h30. Fechando o fim de semana esportivo, o domingo ter\u00e1 as finais do Top 16 em partidas que acontecem das 8h30 \u00e0s 12h, nas categorias masculina e feminina, definindo as duplas vencedoras da etapa campo-grandense do Circuito Brasileiro de V\u00f4lei de Praia.<\/p>\n\n\n\n<p><strong>Atletas de MS s\u00e3o destaque<\/strong><\/p>\n\n\n\n<p>Quatro quadras auxiliares e uma arena principal foram erguidas para abrir o calend\u00e1rio do voleibol nacional, nos naipes masculino e feminino &#8211; respectivamente com 78 e 35 duplas. O espa\u00e7o pode receber p\u00fablico de at\u00e9 1,2 mil pessoas, que poder\u00e3o torcer para v\u00e1rios participantes dessa etapa que se destacam por serem sul-mato-grossenses.<\/p>\n\n\n\n<p>\u00c9 o caso de Arthur Mariano, atual campe\u00e3o da etapa local e que joga ao lado do paranaense Adrielson. Ele est\u00e1 no Top 16, assim como os tamb\u00e9m sul-mato-grossenses Saymon e Cadu, \u00fanica dupla totalmente formada por atletas locais. J\u00e1 na categoria feminina, aparecem no Top 16 Vit\u00f3ria, parceira da sergipana Tain\u00e1, e Aninha, parceira da catarinense Vict\u00f3ria.<\/p>\n\n\n\n<p>Somando todos os atletas de Mato Grosso do Sul inscritos na competi\u00e7\u00e3o &#8211; Aberto e Top 16 -, s\u00e3o 22 nomes. J\u00e1 as duplas s\u00e3o duas no Top 16 Masculino, duas no Top 16 Feminino, sete no Aberto Masculino e outras cinco no Aberto Feminino.<\/p>\n\n\n\n<p><strong>Arquibancada antecipada<\/strong><\/p>\n\n\n\n<p>Para gerar comodidade a todo o p\u00fablico, al\u00e9m da entrada na hora do evento, \u00e9 poss\u00edvel deixar reservado sua vaga na arquibancada principal. Para isso, basta <a href=\"https:\/\/eventos.voleibrasildigital.com.br\/events\/\">acessar este link<\/a> e escolher os dias em que vai querer assistir \u00e0s partidas no Parque das Na\u00e7\u00f5es Ind\u00edgenas.<\/p>\n\n\n\n<p><em>Nyelder Rodrigues, Comunica\u00e7\u00e3o Governo de MS<\/em><br><em>Foto: CBV\/Arquivo<\/em><\/p>\n","protected":false},"excerpt":{"rendered":"<p>O sacador com a bola nas m\u00e3os est\u00e1 totalmente concentrado. Bater forte ou colocado? Arriscar uma jogada genial ou apostar<\/p>\n","protected":false},"author":1,"featured_media":4999,"comment_status":"open","ping_status":"open","sticky":false,"template":"","format":"standard","meta":{"footnotes":""},"categories":[2],"tags":[],"class_list":["post-4998","post","type-post","status-publish","format-standard","has-post-thumbnail","hentry","category-noticias"],"_links":{"self":[{"href":"https:\/\/jornaloalvorada.com.br\/site\/wp-json\/wp\/v2\/posts\/4998","targetHints":{"allow":["GET"]}}],"collection":[{"href":"https:\/\/jornaloalvorada.com.br\/site\/wp-json\/wp\/v2\/posts"}],"about":[{"href":"https:\/\/jornaloalvorada.com.br\/site\/wp-json\/wp\/v2\/types\/post"}],"author":[{"embeddable":true,"href":"https:\/\/jornaloalvorada.com.br\/site\/wp-json\/wp\/v2\/users\/1"}],"replies":[{"embeddable":true,"href":"https:\/\/jornaloalvorada.com.br\/site\/wp-json\/wp\/v2\/comments?post=4998"}],"version-history":[{"count":1,"href":"https:\/\/jornaloalvorada.com.br\/site\/wp-json\/wp\/v2\/posts\/4998\/revisions"}],"predecessor-version":[{"id":5000,"href":"https:\/\/jornaloalvorada.com.br\/site\/wp-json\/wp\/v2\/posts\/4998\/revisions\/5000"}],"wp:featuredmedia":[{"embeddable":true,"href":"https:\/\/jornaloalvorada.com.br\/site\/wp-json\/wp\/v2\/media\/4999"}],"wp:attachment":[{"href":"https:\/\/jornaloalvorada.com.br\/site\/wp-json\/wp\/v2\/media?parent=4998"}],"wp:term":[{"taxonomy":"category","embeddable":true,"href":"https:\/\/jornaloalvorada.com.br\/site\/wp-json\/wp\/v2\/categories?post=4998"},{"taxonomy":"post_tag","embeddable":true,"href":"https:\/\/jornaloalvorada.com.br\/site\/wp-json\/wp\/v2\/tags?post=4998"}],"curies":[{"name":"wp","href":"https:\/\/api.w.org\/{rel}","templated":true}]}}