{"id":4988,"date":"2024-02-20T07:25:00","date_gmt":"2024-02-20T11:25:00","guid":{"rendered":"https:\/\/jornaloalvorada.com.br\/site\/?p=4988"},"modified":"2024-02-20T10:27:23","modified_gmt":"2024-02-20T14:27:23","slug":"bolsonaro-e-intimado-pela-pf-para-depor-nesta-quinta-feira-22","status":"publish","type":"post","link":"https:\/\/jornaloalvorada.com.br\/site\/2024\/02\/20\/bolsonaro-e-intimado-pela-pf-para-depor-nesta-quinta-feira-22\/","title":{"rendered":"Bolsonaro \u00e9 intimado pela PF para depor nesta quinta-feira (22)"},"content":{"rendered":"\n<p><div class=\"container\" dir=\"ltr\" lang=\"pt-BR\"><div class=\"content\">         <div class=\"moz-reader-content reader-show-element\"><div id=\"readability-page-1\" class=\"page\"><div> <p>A Pol\u00edcia Federal (PF) convocou o ex-presidente Jair Bolsonaro (PL) e  seus aliados para prestarem depoimentos no \u00e2mbito da investiga\u00e7\u00e3o que  apura uma suposta tentativa de golpe de Estado e afronta ao Estado  Democr\u00e1tico de Direito. A confirma\u00e7\u00e3o da intima\u00e7\u00e3o veio de fontes  relacionadas \u00e0 investiga\u00e7\u00e3o.<\/p> <p>O presidente do PL, Valdemar Costa Neto, o ex-ministro do Gabinete de  Seguran\u00e7a Institucional (GSI), general Augusto Heleno, e o ex-ministro  da Casa Civil, Walter Braga Netto, tamb\u00e9m receberam intima\u00e7\u00f5es.<\/p> <p>Todos est\u00e3o programados para prestar depoimentos at\u00e9 sexta-feira (23).<\/p> <p><em>Com informa\u00e7\u00f5es de CNN<\/em><\/p> <\/div><\/div><\/div>       <\/div><\/div><\/p>\n","protected":false},"excerpt":{"rendered":"<p>A Pol\u00edcia Federal (PF) convocou o ex-presidente Jair Bolsonaro (PL) e seus aliados para prestarem depoimentos no \u00e2mbito da investiga\u00e7\u00e3o<\/p>\n","protected":false},"author":1,"featured_media":3385,"comment_status":"open","ping_status":"open","sticky":false,"template":"","format":"standard","meta":{"footnotes":""},"categories":[2],"tags":[],"class_list":["post-4988","post","type-post","status-publish","format-standard","has-post-thumbnail","hentry","category-noticias"],"_links":{"self":[{"href":"https:\/\/jornaloalvorada.com.br\/site\/wp-json\/wp\/v2\/posts\/4988","targetHints":{"allow":["GET"]}}],"collection":[{"href":"https:\/\/jornaloalvorada.com.br\/site\/wp-json\/wp\/v2\/posts"}],"about":[{"href":"https:\/\/jornaloalvorada.com.br\/site\/wp-json\/wp\/v2\/types\/post"}],"author":[{"embeddable":true,"href":"https:\/\/jornaloalvorada.com.br\/site\/wp-json\/wp\/v2\/users\/1"}],"replies":[{"embeddable":true,"href":"https:\/\/jornaloalvorada.com.br\/site\/wp-json\/wp\/v2\/comments?post=4988"}],"version-history":[{"count":1,"href":"https:\/\/jornaloalvorada.com.br\/site\/wp-json\/wp\/v2\/posts\/4988\/revisions"}],"predecessor-version":[{"id":4989,"href":"https:\/\/jornaloalvorada.com.br\/site\/wp-json\/wp\/v2\/posts\/4988\/revisions\/4989"}],"wp:featuredmedia":[{"embeddable":true,"href":"https:\/\/jornaloalvorada.com.br\/site\/wp-json\/wp\/v2\/media\/3385"}],"wp:attachment":[{"href":"https:\/\/jornaloalvorada.com.br\/site\/wp-json\/wp\/v2\/media?parent=4988"}],"wp:term":[{"taxonomy":"category","embeddable":true,"href":"https:\/\/jornaloalvorada.com.br\/site\/wp-json\/wp\/v2\/categories?post=4988"},{"taxonomy":"post_tag","embeddable":true,"href":"https:\/\/jornaloalvorada.com.br\/site\/wp-json\/wp\/v2\/tags?post=4988"}],"curies":[{"name":"wp","href":"https:\/\/api.w.org\/{rel}","templated":true}]}}