{"id":4985,"date":"2024-02-20T10:20:45","date_gmt":"2024-02-20T14:20:45","guid":{"rendered":"https:\/\/jornaloalvorada.com.br\/site\/?p=4985"},"modified":"2024-02-20T10:20:48","modified_gmt":"2024-02-20T14:20:48","slug":"dengue-atencao-aos-sintomas-e-essencial-e-evita-agravamento-da-doenca","status":"publish","type":"post","link":"https:\/\/jornaloalvorada.com.br\/site\/2024\/02\/20\/dengue-atencao-aos-sintomas-e-essencial-e-evita-agravamento-da-doenca\/","title":{"rendered":"Dengue: aten\u00e7\u00e3o aos sintomas \u00e9 essencial e evita agravamento da doen\u00e7a"},"content":{"rendered":"\n<p>Com um espectro cl\u00ednico amplo, a dengue pode se manifestar de diversas maneiras no indiv\u00edduo, desde a aus\u00eancia de sintomas at\u00e9 casos mais graves que incluem hemorragias. Estar atento aos primeiros sinais da doen\u00e7a \u00e9 fundamental e evita o agravamento do v\u00edrus transmitido pelo Aedes aegypti.<\/p>\n\n\n\n<p>Em geral, a dengue \u00e9 dividida em fase febril, referente aos primeiros dias de manifesta\u00e7\u00e3o da arbovirose, e fase cr\u00edtica, que costuma ocorrer ap\u00f3s o quinto dia de sintomas. De acordo com a m\u00e9dica infectologista Mariana Croda, quanto mais desenvolvida a doen\u00e7a no organismo do paciente, maiores as complica\u00e7\u00f5es e a dificuldade para revert\u00ea-las. Por isso, o reconhecimento precoce \u00e9 imprescind\u00edvel nesse momento.<\/p>\n\n\n\n<p>Entre os sintomas mais comuns da dengue est\u00e3o febre, dor no corpo, fraqueza extrema e cansa\u00e7o, dor de cabe\u00e7a e dor atr\u00e1s dos olhos. Manchas na pele e sangramentos de gengiva, nariz ou aumento do fluxo menstrual tamb\u00e9m podem ocorrer ocasionalmente.<\/p>\n\n\n\n<p>A infectologista informa que monitorar os sinais de alerta como sangramentos, dores abdominais, tonturas e v\u00f4mitos \u00e9 essencial ap\u00f3s a identifica\u00e7\u00e3o dos sintomas.\u201cH\u00e1 uma resposta inflamat\u00f3ria intensa que pode manifestar-se nas formas mais graves como sangramentos e perda do l\u00edquido dos vasos para abd\u00f4men e pulm\u00e3o\u201d.<\/p>\n\n\n\n<p>Segundo a enfermeira da Ger\u00eancia de Doen\u00e7as End\u00eamicas da SES (Secretaria de Estado de Sa\u00fade), Bianca Modafari Godoy, a doen\u00e7a pode atingir todas as idades, com gravidade e impactos que podem variar. Al\u00e9m disso, crian\u00e7as, idosos e pessoas com sistema imunol\u00f3gico vulner\u00e1vel representam os grupos mais afetados pela dengue.<\/p>\n\n\n\n<p>\u201cIsso ocorre porque esses grupos podem ter mais dificuldade em lidar com a infec\u00e7\u00e3o e desenvolver complica\u00e7\u00f5es graves devido \u00e0 resposta do sistema imunol\u00f3gico e a capacidade de combater o v\u00edrus limitada\u201d.<\/p>\n\n\n\n<p><strong>Tratamento adequado<\/strong><\/p>\n\n\n\n<p>Combinado a hidrata\u00e7\u00e3o e repouso, o acompanhamento m\u00e9dico \u00e9 essencial para o tratamento da dengue, desde os primeiros sintomas at\u00e9 a recupera\u00e7\u00e3o completa do paciente. De acordo com Bianca Modafari Godoy, o indiv\u00edduo deve procurar a unidade de sa\u00fade mais pr\u00f3xima em caso de dois ou mais sintomas identificados.<\/p>\n\n\n\n<p>\u201c\u00c9 importante ressaltar que n\u00e3o deve se automedicar, pois caso fa\u00e7a uso de anti-inflamat\u00f3rios como aspirinas pode piorar a coagula\u00e7\u00e3o sangu\u00ednea e consequentemente o estado de sa\u00fade, j\u00e1 que a dengue pode causar hemorragia. O manejo cl\u00ednico do paciente \u00e9 essencial para monitorar e tratar os sintomas conforme necess\u00e1rio\u201d.<\/p>\n","protected":false},"excerpt":{"rendered":"<p>Com um espectro cl\u00ednico amplo, a dengue pode se manifestar de diversas maneiras no indiv\u00edduo, desde a aus\u00eancia de sintomas<\/p>\n","protected":false},"author":1,"featured_media":1405,"comment_status":"open","ping_status":"open","sticky":false,"template":"","format":"standard","meta":{"footnotes":""},"categories":[2],"tags":[],"class_list":["post-4985","post","type-post","status-publish","format-standard","has-post-thumbnail","hentry","category-noticias"],"_links":{"self":[{"href":"https:\/\/jornaloalvorada.com.br\/site\/wp-json\/wp\/v2\/posts\/4985","targetHints":{"allow":["GET"]}}],"collection":[{"href":"https:\/\/jornaloalvorada.com.br\/site\/wp-json\/wp\/v2\/posts"}],"about":[{"href":"https:\/\/jornaloalvorada.com.br\/site\/wp-json\/wp\/v2\/types\/post"}],"author":[{"embeddable":true,"href":"https:\/\/jornaloalvorada.com.br\/site\/wp-json\/wp\/v2\/users\/1"}],"replies":[{"embeddable":true,"href":"https:\/\/jornaloalvorada.com.br\/site\/wp-json\/wp\/v2\/comments?post=4985"}],"version-history":[{"count":1,"href":"https:\/\/jornaloalvorada.com.br\/site\/wp-json\/wp\/v2\/posts\/4985\/revisions"}],"predecessor-version":[{"id":4986,"href":"https:\/\/jornaloalvorada.com.br\/site\/wp-json\/wp\/v2\/posts\/4985\/revisions\/4986"}],"wp:featuredmedia":[{"embeddable":true,"href":"https:\/\/jornaloalvorada.com.br\/site\/wp-json\/wp\/v2\/media\/1405"}],"wp:attachment":[{"href":"https:\/\/jornaloalvorada.com.br\/site\/wp-json\/wp\/v2\/media?parent=4985"}],"wp:term":[{"taxonomy":"category","embeddable":true,"href":"https:\/\/jornaloalvorada.com.br\/site\/wp-json\/wp\/v2\/categories?post=4985"},{"taxonomy":"post_tag","embeddable":true,"href":"https:\/\/jornaloalvorada.com.br\/site\/wp-json\/wp\/v2\/tags?post=4985"}],"curies":[{"name":"wp","href":"https:\/\/api.w.org\/{rel}","templated":true}]}}