{"id":4975,"date":"2024-02-19T12:49:51","date_gmt":"2024-02-19T16:49:51","guid":{"rendered":"https:\/\/jornaloalvorada.com.br\/site\/?p=4975"},"modified":"2024-02-19T12:49:55","modified_gmt":"2024-02-19T16:49:55","slug":"tensao-lula-convoca-reuniao-de-emergencia-com-ministros","status":"publish","type":"post","link":"https:\/\/jornaloalvorada.com.br\/site\/2024\/02\/19\/tensao-lula-convoca-reuniao-de-emergencia-com-ministros\/","title":{"rendered":"Tens\u00e3o: Lula convoca reuni\u00e3o de emerg\u00eancia com ministros"},"content":{"rendered":"\n<p>O presidente Lula convocou ministros e assessores para uma reuni\u00e3o de urg\u00eancia na manh\u00e3 desta segunda-feira (19\/2) no Pal\u00e1cio da Alvorada para discutir a crise diplom\u00e1tica entre Brasil e Israel.<\/p>\n\n\n\n<p>Participam do encontro o ex-chanceler Celso Amorim, principal assessor de Lula no Planalto para assuntos internacionais, e o ministro da Secretaria de Comunica\u00e7\u00e3o Social (Secom), Paulo Pimenta.<\/p>\n\n\n\n<p>A crise teve in\u00edcio nas \u00faltimas horas, ap\u00f3s Lula proferir declara\u00e7\u00f5es em uma entrevista a jornalistas no domingo (18\/2), comparando as mortes de civis palestinos na Faixa de Gaza ao Holocausto.<\/p>\n\n\n\n<p>A rea\u00e7\u00e3o do governo de Israel foi contundente. O primeiro-ministro israelense, Benjamin Netanyahu, classificou as palavras do presidente do Brasil como \u201cvergonhosas e graves\u201d, afirmando que Lula \u201cultrapassou a linha vermelha\u201d.<\/p>\n\n\n\n<p>Al\u00e9m disso, o chanceler de Israel convocou o embaixador do Brasil naquele pa\u00eds para pedir explica\u00e7\u00f5es. Ap\u00f3s o encontro, o israelense afirmou que Lula \u00e9 \u201cpersona non grata\u201d no pa\u00eds, at\u00e9 que se retrate.<\/p>\n\n\n\n<p>Lula abordou a quest\u00e3o relacionada a Israel durante uma entrevista realizada na Eti\u00f3pia, onde esteve presente na c\u00fapula da Uni\u00e3o Africana. O petista chegou a Bras\u00edlia na madrugada desta segunda-feira e n\u00e3o possui compromissos oficiais agendados para o dia de hoje.<\/p>\n\n\n\n<p><em>Com informa\u00e7\u00f5es de Metr\u00f3poles\/Igor Gadelha<\/em><\/p>\n","protected":false},"excerpt":{"rendered":"<p>O presidente Lula convocou ministros e assessores para uma reuni\u00e3o de urg\u00eancia na manh\u00e3 desta segunda-feira (19\/2) no Pal\u00e1cio da<\/p>\n","protected":false},"author":1,"featured_media":4976,"comment_status":"open","ping_status":"open","sticky":false,"template":"","format":"standard","meta":{"footnotes":""},"categories":[2],"tags":[],"class_list":["post-4975","post","type-post","status-publish","format-standard","has-post-thumbnail","hentry","category-noticias"],"_links":{"self":[{"href":"https:\/\/jornaloalvorada.com.br\/site\/wp-json\/wp\/v2\/posts\/4975","targetHints":{"allow":["GET"]}}],"collection":[{"href":"https:\/\/jornaloalvorada.com.br\/site\/wp-json\/wp\/v2\/posts"}],"about":[{"href":"https:\/\/jornaloalvorada.com.br\/site\/wp-json\/wp\/v2\/types\/post"}],"author":[{"embeddable":true,"href":"https:\/\/jornaloalvorada.com.br\/site\/wp-json\/wp\/v2\/users\/1"}],"replies":[{"embeddable":true,"href":"https:\/\/jornaloalvorada.com.br\/site\/wp-json\/wp\/v2\/comments?post=4975"}],"version-history":[{"count":1,"href":"https:\/\/jornaloalvorada.com.br\/site\/wp-json\/wp\/v2\/posts\/4975\/revisions"}],"predecessor-version":[{"id":4977,"href":"https:\/\/jornaloalvorada.com.br\/site\/wp-json\/wp\/v2\/posts\/4975\/revisions\/4977"}],"wp:featuredmedia":[{"embeddable":true,"href":"https:\/\/jornaloalvorada.com.br\/site\/wp-json\/wp\/v2\/media\/4976"}],"wp:attachment":[{"href":"https:\/\/jornaloalvorada.com.br\/site\/wp-json\/wp\/v2\/media?parent=4975"}],"wp:term":[{"taxonomy":"category","embeddable":true,"href":"https:\/\/jornaloalvorada.com.br\/site\/wp-json\/wp\/v2\/categories?post=4975"},{"taxonomy":"post_tag","embeddable":true,"href":"https:\/\/jornaloalvorada.com.br\/site\/wp-json\/wp\/v2\/tags?post=4975"}],"curies":[{"name":"wp","href":"https:\/\/api.w.org\/{rel}","templated":true}]}}