{"id":4958,"date":"2024-02-19T09:36:24","date_gmt":"2024-02-19T13:36:24","guid":{"rendered":"https:\/\/jornaloalvorada.com.br\/site\/?p=4958"},"modified":"2024-02-19T09:36:26","modified_gmt":"2024-02-19T13:36:26","slug":"governo-lula-envia-125-toneladas-de-alimentos-para-cuba-enquanto-o-brasil-tem-mais-de-20-milhoes-de-pessoas-passando-fome","status":"publish","type":"post","link":"https:\/\/jornaloalvorada.com.br\/site\/2024\/02\/19\/governo-lula-envia-125-toneladas-de-alimentos-para-cuba-enquanto-o-brasil-tem-mais-de-20-milhoes-de-pessoas-passando-fome\/","title":{"rendered":"Governo Lula envia 125 toneladas de alimentos para Cuba, enquanto o Brasil tem mais de 20 milh\u00f5es de pessoas passando fome"},"content":{"rendered":"\n<p><div class=\"container\" dir=\"ltr\" lang=\"pt-BR\"><div class=\"content\">         <div class=\"moz-reader-content reader-show-element\"><div id=\"readability-page-1\" class=\"page\"><div> <p>Segundo um relat\u00f3rio da Organiza\u00e7\u00e3o das Na\u00e7\u00f5es Unidas (ONU) divulgado  em julho do ano passado, o Brasil enfrenta uma crise alimentar com 21,1  milh\u00f5es de pessoas sem acesso di\u00e1rio a alimentos e 70,3 milh\u00f5es vivendo  em inseguran\u00e7a alimentar. Al\u00e9m disso, h\u00e1 10 milh\u00f5es de brasileiros  sofrendo de desnutri\u00e7\u00e3o.<\/p> <p>A inseguran\u00e7a alimentar no pa\u00eds se divide em duas categorias:  moderada, quando as pessoas t\u00eam incertezas sobre sua capacidade de se  alimentar e reduzem a ingest\u00e3o de alimentos, muitas vezes devido \u00e0 falta  de recursos financeiros; e grave, quando as pessoas passam fome por um  ou mais dias.<\/p> <p>Essa situa\u00e7\u00e3o \u00e9 alarmante, considerando que o Brasil \u00e9 um pa\u00eds que  possui uma abund\u00e2ncia de alimentos. Cerca de 35% da popula\u00e7\u00e3o brasileira  n\u00e3o tem acesso regular \u00e0 alimenta\u00e7\u00e3o necess\u00e1ria para garantir sua  subsist\u00eancia.<\/p> <p>Enquanto a crise persiste internamente, o governo brasileiro  surpreende ao enviar um carregamento de 125 toneladas de leite em p\u00f3  para Cuba na \u00faltima segunda-feira (12). O Minist\u00e9rio das Rela\u00e7\u00f5es  Exteriores anunciou que enviar\u00e1 tamb\u00e9m lotes de arroz, milho e soja,  al\u00e9m de mais carregamentos de leite em p\u00f3 nas pr\u00f3ximas semanas.<\/p> <p>Vale ressaltar que as leis brasileiras estabelecem protocolos  rigorosos e crit\u00e9rios para a doa\u00e7\u00e3o de alimentos, impondo  responsabilidades civis e at\u00e9 penais sobre os doadores. Essa  regulamenta\u00e7\u00e3o levou muitos estabelecimentos, como restaurantes,  hospitais e supermercados, a optarem por descartar alimentos em vez de  do\u00e1-los, devido ao medo de infringir regras. Mesmo durante a pandemia,  quando algumas dessas regras foram flexibilizadas, o desconhecimento e a  inseguran\u00e7a jur\u00eddica ainda levam muitos a evitar doa\u00e7\u00f5es.<\/p> <p><em>Com informa\u00e7\u00f5es do Portal Grande Ponto e Patr\u00edcia Lages, do R7.<\/em><\/p> <\/div><\/div><\/div>       <\/div><\/div><\/p>\n","protected":false},"excerpt":{"rendered":"<p>Segundo um relat\u00f3rio da Organiza\u00e7\u00e3o das Na\u00e7\u00f5es Unidas (ONU) divulgado em julho do ano passado, o Brasil enfrenta uma crise<\/p>\n","protected":false},"author":1,"featured_media":4959,"comment_status":"open","ping_status":"open","sticky":false,"template":"","format":"standard","meta":{"footnotes":""},"categories":[2],"tags":[],"class_list":["post-4958","post","type-post","status-publish","format-standard","has-post-thumbnail","hentry","category-noticias"],"_links":{"self":[{"href":"https:\/\/jornaloalvorada.com.br\/site\/wp-json\/wp\/v2\/posts\/4958","targetHints":{"allow":["GET"]}}],"collection":[{"href":"https:\/\/jornaloalvorada.com.br\/site\/wp-json\/wp\/v2\/posts"}],"about":[{"href":"https:\/\/jornaloalvorada.com.br\/site\/wp-json\/wp\/v2\/types\/post"}],"author":[{"embeddable":true,"href":"https:\/\/jornaloalvorada.com.br\/site\/wp-json\/wp\/v2\/users\/1"}],"replies":[{"embeddable":true,"href":"https:\/\/jornaloalvorada.com.br\/site\/wp-json\/wp\/v2\/comments?post=4958"}],"version-history":[{"count":1,"href":"https:\/\/jornaloalvorada.com.br\/site\/wp-json\/wp\/v2\/posts\/4958\/revisions"}],"predecessor-version":[{"id":4960,"href":"https:\/\/jornaloalvorada.com.br\/site\/wp-json\/wp\/v2\/posts\/4958\/revisions\/4960"}],"wp:featuredmedia":[{"embeddable":true,"href":"https:\/\/jornaloalvorada.com.br\/site\/wp-json\/wp\/v2\/media\/4959"}],"wp:attachment":[{"href":"https:\/\/jornaloalvorada.com.br\/site\/wp-json\/wp\/v2\/media?parent=4958"}],"wp:term":[{"taxonomy":"category","embeddable":true,"href":"https:\/\/jornaloalvorada.com.br\/site\/wp-json\/wp\/v2\/categories?post=4958"},{"taxonomy":"post_tag","embeddable":true,"href":"https:\/\/jornaloalvorada.com.br\/site\/wp-json\/wp\/v2\/tags?post=4958"}],"curies":[{"name":"wp","href":"https:\/\/api.w.org\/{rel}","templated":true}]}}