{"id":4937,"date":"2024-02-16T15:13:54","date_gmt":"2024-02-16T19:13:54","guid":{"rendered":"https:\/\/jornaloalvorada.com.br\/site\/?p=4937"},"modified":"2024-02-16T15:13:59","modified_gmt":"2024-02-16T19:13:59","slug":"prefeitura-de-nova-alvorada-do-sul-abre-inscricoes-para-estagio-com-bolsas-de-ate-r-2-mil","status":"publish","type":"post","link":"https:\/\/jornaloalvorada.com.br\/site\/2024\/02\/16\/prefeitura-de-nova-alvorada-do-sul-abre-inscricoes-para-estagio-com-bolsas-de-ate-r-2-mil\/","title":{"rendered":"Prefeitura de Nova Alvorada do Sul abre inscri\u00e7\u00f5es para est\u00e1gio com bolsas de at\u00e9 R$ 2 mil"},"content":{"rendered":"\n<p>Abertas as inscri\u00e7\u00f5es para o processo seletivo de estagi\u00e1rios da Prefeitura Municipal de Nova Alvorada do Sul. A iniciativa oferece oportunidades para estudantes de n\u00edvel m\u00e9dio, t\u00e9cnico e superior em diversas \u00e1reas, com bolsas-aux\u00edlio de at\u00e9 R$ 2.030,00 e mais aux\u00edlio-transporte.<\/p>\n\n\n\n<p>As inscri\u00e7\u00f5es foram abertas nesta quinta-feira (15) e v\u00e3o at\u00e9 o dia 23 de fevereiro.<\/p>\n\n\n\n<p>Vagas e bolsas-aux\u00edlio:<\/p>\n\n\n\n<ul class=\"wp-block-list\">\n<li>N\u00edvel M\u00e9dio: 15 vagas, bolsa-aux\u00edlio de R$ 500,00<\/li>\n\n\n\n<li>N\u00edvel T\u00e9cnico: 2 vagas, bolsa-aux\u00edlio de R$ 600,00<\/li>\n\n\n\n<li>N\u00edvel Superior: 20 vagas, bolsa-aux\u00edlio de R$ 750,00<\/li>\n\n\n\n<li>P\u00f3s-Gradua\u00e7\u00e3o em Direito: 2 vagas, bolsa-aux\u00edlio de R$ 2.030,00<\/li>\n<\/ul>\n\n\n\n<p>Carga hor\u00e1ria:<\/p>\n\n\n\n<ul class=\"wp-block-list\">\n<li>N\u00edvel M\u00e9dio: 4 horas di\u00e1rias<\/li>\n\n\n\n<li>N\u00edvel T\u00e9cnico e Superior: 6 horas di\u00e1rias<\/li>\n<\/ul>\n\n\n\n<p>Inscri\u00e7\u00f5es:<\/p>\n\n\n\n<ul class=\"wp-block-list\">\n<li>Per\u00edodo: 15 a 23 de fevereiro de 2024<\/li>\n\n\n\n<li>Local: Prefeitura Municipal, setor (Secretaria Municipal de Finan\u00e7as e Planejamento)<\/li>\n\n\n\n<li>Endere\u00e7o: Avenida Irineu de Souza Ara\u00fajo, N\u00ba 1141<\/li>\n\n\n\n<li>Hor\u00e1rio: 7h30 \u00e0s 12h30<\/li>\n<\/ul>\n\n\n\n<p>Documentos necess\u00e1rios:<\/p>\n\n\n\n<ul class=\"wp-block-list\">\n<li>Ficha de inscri\u00e7\u00e3o (dispon\u00edvel no edital)<\/li>\n\n\n\n<li>C\u00f3pia do documento de identidade e CPF<\/li>\n\n\n\n<li>C\u00f3pia do comprovante de resid\u00eancia<\/li>\n\n\n\n<li>Declara\u00e7\u00e3o\/atestado ou comprovante\/contrato de matr\u00edcula emitido pela institui\u00e7\u00e3o de ensino<\/li>\n\n\n\n<li>Para P\u00f3s-Gradua\u00e7\u00e3o em Direito: C\u00f3pia do Diploma de Gradua\u00e7\u00e3o e c\u00f3pia da Declara\u00e7\u00e3o\/atestado ou comprovante\/contrato de matr\u00edcula, emitido pela institui\u00e7\u00e3o de ensino de p\u00f3s-gradua\u00e7\u00e3o.<\/li>\n<\/ul>\n\n\n\n<p>Mais informa\u00e7\u00f5es:<\/p>\n\n\n\n<ul class=\"wp-block-list\">\n<li>Edital completo: no Di\u00e1rio Oficial e pode ser solicitado no e-mail financeiro@novaalvoradadosul.ms.gov.br<\/li>\n\n\n\n<li>Telefone: (67) 3456-4100<\/li>\n<\/ul>\n\n\n\n<p>A Prefeitura de Nova Alvorada do Sul convida os estudantes interessados a participarem do processo seletivo e a aproveitarem essa oportunidade de aprendizado e desenvolvimento profissional.<\/p>\n","protected":false},"excerpt":{"rendered":"<p>Abertas as inscri\u00e7\u00f5es para o processo seletivo de estagi\u00e1rios da Prefeitura Municipal de Nova Alvorada do Sul. A iniciativa oferece<\/p>\n","protected":false},"author":1,"featured_media":4938,"comment_status":"open","ping_status":"open","sticky":false,"template":"","format":"standard","meta":{"footnotes":""},"categories":[2],"tags":[],"class_list":["post-4937","post","type-post","status-publish","format-standard","has-post-thumbnail","hentry","category-noticias"],"_links":{"self":[{"href":"https:\/\/jornaloalvorada.com.br\/site\/wp-json\/wp\/v2\/posts\/4937","targetHints":{"allow":["GET"]}}],"collection":[{"href":"https:\/\/jornaloalvorada.com.br\/site\/wp-json\/wp\/v2\/posts"}],"about":[{"href":"https:\/\/jornaloalvorada.com.br\/site\/wp-json\/wp\/v2\/types\/post"}],"author":[{"embeddable":true,"href":"https:\/\/jornaloalvorada.com.br\/site\/wp-json\/wp\/v2\/users\/1"}],"replies":[{"embeddable":true,"href":"https:\/\/jornaloalvorada.com.br\/site\/wp-json\/wp\/v2\/comments?post=4937"}],"version-history":[{"count":1,"href":"https:\/\/jornaloalvorada.com.br\/site\/wp-json\/wp\/v2\/posts\/4937\/revisions"}],"predecessor-version":[{"id":4939,"href":"https:\/\/jornaloalvorada.com.br\/site\/wp-json\/wp\/v2\/posts\/4937\/revisions\/4939"}],"wp:featuredmedia":[{"embeddable":true,"href":"https:\/\/jornaloalvorada.com.br\/site\/wp-json\/wp\/v2\/media\/4938"}],"wp:attachment":[{"href":"https:\/\/jornaloalvorada.com.br\/site\/wp-json\/wp\/v2\/media?parent=4937"}],"wp:term":[{"taxonomy":"category","embeddable":true,"href":"https:\/\/jornaloalvorada.com.br\/site\/wp-json\/wp\/v2\/categories?post=4937"},{"taxonomy":"post_tag","embeddable":true,"href":"https:\/\/jornaloalvorada.com.br\/site\/wp-json\/wp\/v2\/tags?post=4937"}],"curies":[{"name":"wp","href":"https:\/\/api.w.org\/{rel}","templated":true}]}}