{"id":4926,"date":"2024-02-15T14:49:44","date_gmt":"2024-02-15T18:49:44","guid":{"rendered":"https:\/\/jornaloalvorada.com.br\/site\/?p=4926"},"modified":"2024-02-15T14:49:48","modified_gmt":"2024-02-15T18:49:48","slug":"prefeitura-municipal-de-nova-alvorada-do-sul-abre-inscricoes-para-estagio-remunerado-de-ate-r-2-mil","status":"publish","type":"post","link":"https:\/\/jornaloalvorada.com.br\/site\/2024\/02\/15\/prefeitura-municipal-de-nova-alvorada-do-sul-abre-inscricoes-para-estagio-remunerado-de-ate-r-2-mil\/","title":{"rendered":"Prefeitura Municipal de Nova Alvorada do Sul abre inscri\u00e7\u00f5es para est\u00e1gio remunerado de at\u00e9 R$ 2 mil!"},"content":{"rendered":"\n<p>Oportunidade para estudantes de n\u00edvel m\u00e9dio, t\u00e9cnico e superior.<\/p>\n\n\n\n<p>A Prefeitura Municipal de Nova Alvorada do Sul est\u00e1 com inscri\u00e7\u00f5es abertas para o processo seletivo de estagi\u00e1rios. As vagas s\u00e3o para estudantes de n\u00edvel m\u00e9dio, t\u00e9cnico e superior em diversas \u00e1reas.<\/p>\n\n\n\n<p><img loading=\"lazy\" decoding=\"async\" alt=\"\ud83d\udc49\ud83c\udffb\" src=\"https:\/\/static.xx.fbcdn.net\/images\/emoji.php\/v9\/tc\/1\/16\/1f449_1f3fb.png\" width=\"16\" height=\"16\">Bolsas-aux\u00edlio e benef\u00edcios:<\/p>\n\n\n\n<p><img loading=\"lazy\" decoding=\"async\" alt=\"\u2705\" src=\"https:\/\/static.xx.fbcdn.net\/images\/emoji.php\/v9\/t33\/1\/16\/2705.png\" width=\"16\" height=\"16\">N\u00edvel M\u00e9dio: R$ 450,00 + aux\u00edlio-transporte de R$ 50,00<\/p>\n\n\n\n<p><img loading=\"lazy\" decoding=\"async\" alt=\"\u2705\" src=\"https:\/\/static.xx.fbcdn.net\/images\/emoji.php\/v9\/t33\/1\/16\/2705.png\" width=\"16\" height=\"16\">N\u00edvel T\u00e9cnico: R$ 550,00 + aux\u00edlio-transporte de R$ 50,00<\/p>\n\n\n\n<p><img loading=\"lazy\" decoding=\"async\" alt=\"\u2705\" src=\"https:\/\/static.xx.fbcdn.net\/images\/emoji.php\/v9\/t33\/1\/16\/2705.png\" width=\"16\" height=\"16\">N\u00edvel Superior: R$ 700,00 + aux\u00edlio-transporte de R$ 50,00<\/p>\n\n\n\n<p><img loading=\"lazy\" decoding=\"async\" alt=\"\u2705\" src=\"https:\/\/static.xx.fbcdn.net\/images\/emoji.php\/v9\/t33\/1\/16\/2705.png\" width=\"16\" height=\"16\">P\u00f3s-Gradua\u00e7\u00e3o em Direito: R$ 1.980,00 + aux\u00edlio-transporte de R$ 50,00<\/p>\n\n\n\n<p><img loading=\"lazy\" decoding=\"async\" alt=\"\ud83d\udc49\ud83c\udffb\" src=\"https:\/\/static.xx.fbcdn.net\/images\/emoji.php\/v9\/tc\/1\/16\/1f449_1f3fb.png\" width=\"16\" height=\"16\">Carga hor\u00e1ria:<\/p>\n\n\n\n<p><img loading=\"lazy\" decoding=\"async\" alt=\"\u2705\" src=\"https:\/\/static.xx.fbcdn.net\/images\/emoji.php\/v9\/t33\/1\/16\/2705.png\" width=\"16\" height=\"16\">N\u00edvel M\u00e9dio: 4 horas di\u00e1rias<\/p>\n\n\n\n<p><img loading=\"lazy\" decoding=\"async\" alt=\"\u2705\" src=\"https:\/\/static.xx.fbcdn.net\/images\/emoji.php\/v9\/t33\/1\/16\/2705.png\" width=\"16\" height=\"16\">N\u00edvel T\u00e9cnico e Superior: 6 horas di\u00e1rias<\/p>\n\n\n\n<p><img loading=\"lazy\" decoding=\"async\" alt=\"\ud83d\udc49\ud83c\udffb\" src=\"https:\/\/static.xx.fbcdn.net\/images\/emoji.php\/v9\/tc\/1\/16\/1f449_1f3fb.png\" width=\"16\" height=\"16\">Inscri\u00e7\u00f5es:<\/p>\n\n\n\n<p><img loading=\"lazy\" decoding=\"async\" alt=\"\u2705\" src=\"https:\/\/static.xx.fbcdn.net\/images\/emoji.php\/v9\/t33\/1\/16\/2705.png\" width=\"16\" height=\"16\">Local: Prefeitura Municipal, setor (Secretaria Municipal de Finan\u00e7as e Planejamento)<\/p>\n\n\n\n<p><img loading=\"lazy\" decoding=\"async\" alt=\"\u2705\" src=\"https:\/\/static.xx.fbcdn.net\/images\/emoji.php\/v9\/t33\/1\/16\/2705.png\" width=\"16\" height=\"16\">Endere\u00e7o: Avenida Irineu de Souza Ara\u00fajo, N\u00ba 1141<\/p>\n\n\n\n<p><img loading=\"lazy\" decoding=\"async\" alt=\"\u2705\" src=\"https:\/\/static.xx.fbcdn.net\/images\/emoji.php\/v9\/t33\/1\/16\/2705.png\" width=\"16\" height=\"16\">Data: 15 a 23 de fevereiro de 2024<\/p>\n\n\n\n<p><img loading=\"lazy\" decoding=\"async\" alt=\"\u2705\" src=\"https:\/\/static.xx.fbcdn.net\/images\/emoji.php\/v9\/t33\/1\/16\/2705.png\" width=\"16\" height=\"16\">Hor\u00e1rio: 7h30 \u00e0s 12h30<\/p>\n\n\n\n<p><img loading=\"lazy\" decoding=\"async\" alt=\"\ud83d\udc49\ud83c\udffb\" src=\"https:\/\/static.xx.fbcdn.net\/images\/emoji.php\/v9\/tc\/1\/16\/1f449_1f3fb.png\" width=\"16\" height=\"16\">Documentos necess\u00e1rios:<\/p>\n\n\n\n<p><img loading=\"lazy\" decoding=\"async\" alt=\"\u2705\" src=\"https:\/\/static.xx.fbcdn.net\/images\/emoji.php\/v9\/t33\/1\/16\/2705.png\" width=\"16\" height=\"16\">Ficha de inscri\u00e7\u00e3o (dispon\u00edvel na prefeitura)<\/p>\n\n\n\n<p><img loading=\"lazy\" decoding=\"async\" alt=\"\u2705\" src=\"https:\/\/static.xx.fbcdn.net\/images\/emoji.php\/v9\/t33\/1\/16\/2705.png\" width=\"16\" height=\"16\">C\u00f3pia do documento de identidade e CPF<\/p>\n\n\n\n<p><img loading=\"lazy\" decoding=\"async\" alt=\"\u2705\" src=\"https:\/\/static.xx.fbcdn.net\/images\/emoji.php\/v9\/t33\/1\/16\/2705.png\" width=\"16\" height=\"16\">C\u00f3pia do comprovante de resid\u00eancia<\/p>\n\n\n\n<p><img loading=\"lazy\" decoding=\"async\" alt=\"\u2705\" src=\"https:\/\/static.xx.fbcdn.net\/images\/emoji.php\/v9\/t33\/1\/16\/2705.png\" width=\"16\" height=\"16\">Declara\u00e7\u00e3o\/atestado ou comprovante\/contrato de matr\u00edcula emitido pela institui\u00e7\u00e3o de ensino<\/p>\n\n\n\n<p><img loading=\"lazy\" decoding=\"async\" alt=\"\u2705\" src=\"https:\/\/static.xx.fbcdn.net\/images\/emoji.php\/v9\/t33\/1\/16\/2705.png\" width=\"16\" height=\"16\">Para P\u00f3s-Gradua\u00e7\u00e3o em Direito: C\u00f3pia do Diploma de Gradua\u00e7\u00e3o e c\u00f3pia da Declara\u00e7\u00e3o\/atestado ou comprovante\/contrato de matr\u00edcula, emitido pela institui\u00e7\u00e3o de ensino de p\u00f3s-gradua\u00e7\u00e3o.<\/p>\n\n\n\n<p><img loading=\"lazy\" decoding=\"async\" alt=\"\ud83d\udc49\ud83c\udffb\" src=\"https:\/\/static.xx.fbcdn.net\/images\/emoji.php\/v9\/tc\/1\/16\/1f449_1f3fb.png\" width=\"16\" height=\"16\">Mais informa\u00e7\u00f5es:<\/p>\n\n\n\n<p><img loading=\"lazy\" decoding=\"async\" alt=\"\u2705\" src=\"https:\/\/static.xx.fbcdn.net\/images\/emoji.php\/v9\/t33\/1\/16\/2705.png\" width=\"16\" height=\"16\">Edital completo: no Di\u00e1rio Oficial e pode ser solicitado no e-mail financeiro@novaalvoradadosul.ms.gov.br<\/p>\n\n\n\n<p><img loading=\"lazy\" decoding=\"async\" alt=\"\u2705\" src=\"https:\/\/static.xx.fbcdn.net\/images\/emoji.php\/v9\/t33\/1\/16\/2705.png\" width=\"16\" height=\"16\">Telefone: (67) 3456-4100<\/p>\n\n\n\n<p>N\u00e3o perca essa oportunidade!<\/p>\n","protected":false},"excerpt":{"rendered":"<p>Oportunidade para estudantes de n\u00edvel m\u00e9dio, t\u00e9cnico e superior. A Prefeitura Municipal de Nova Alvorada do Sul est\u00e1 com inscri\u00e7\u00f5es<\/p>\n","protected":false},"author":1,"featured_media":4927,"comment_status":"open","ping_status":"open","sticky":false,"template":"","format":"standard","meta":{"footnotes":""},"categories":[2],"tags":[],"class_list":["post-4926","post","type-post","status-publish","format-standard","has-post-thumbnail","hentry","category-noticias"],"_links":{"self":[{"href":"https:\/\/jornaloalvorada.com.br\/site\/wp-json\/wp\/v2\/posts\/4926","targetHints":{"allow":["GET"]}}],"collection":[{"href":"https:\/\/jornaloalvorada.com.br\/site\/wp-json\/wp\/v2\/posts"}],"about":[{"href":"https:\/\/jornaloalvorada.com.br\/site\/wp-json\/wp\/v2\/types\/post"}],"author":[{"embeddable":true,"href":"https:\/\/jornaloalvorada.com.br\/site\/wp-json\/wp\/v2\/users\/1"}],"replies":[{"embeddable":true,"href":"https:\/\/jornaloalvorada.com.br\/site\/wp-json\/wp\/v2\/comments?post=4926"}],"version-history":[{"count":1,"href":"https:\/\/jornaloalvorada.com.br\/site\/wp-json\/wp\/v2\/posts\/4926\/revisions"}],"predecessor-version":[{"id":4928,"href":"https:\/\/jornaloalvorada.com.br\/site\/wp-json\/wp\/v2\/posts\/4926\/revisions\/4928"}],"wp:featuredmedia":[{"embeddable":true,"href":"https:\/\/jornaloalvorada.com.br\/site\/wp-json\/wp\/v2\/media\/4927"}],"wp:attachment":[{"href":"https:\/\/jornaloalvorada.com.br\/site\/wp-json\/wp\/v2\/media?parent=4926"}],"wp:term":[{"taxonomy":"category","embeddable":true,"href":"https:\/\/jornaloalvorada.com.br\/site\/wp-json\/wp\/v2\/categories?post=4926"},{"taxonomy":"post_tag","embeddable":true,"href":"https:\/\/jornaloalvorada.com.br\/site\/wp-json\/wp\/v2\/tags?post=4926"}],"curies":[{"name":"wp","href":"https:\/\/api.w.org\/{rel}","templated":true}]}}