{"id":4923,"date":"2024-02-15T09:39:06","date_gmt":"2024-02-15T13:39:06","guid":{"rendered":"https:\/\/jornaloalvorada.com.br\/site\/?p=4923"},"modified":"2024-02-15T09:39:08","modified_gmt":"2024-02-15T13:39:08","slug":"comeca-hoje-15-o-pagamento-do-abono-salarial-pis-pasep-2024-veja-quem-vai-receber","status":"publish","type":"post","link":"https:\/\/jornaloalvorada.com.br\/site\/2024\/02\/15\/comeca-hoje-15-o-pagamento-do-abono-salarial-pis-pasep-2024-veja-quem-vai-receber\/","title":{"rendered":"Come\u00e7a hoje (15) o pagamento do abono salarial PIS-Pasep 2024; veja quem vai receber"},"content":{"rendered":"\n<p><div class=\"container\" dir=\"ltr\" lang=\"pt-BR\"><div class=\"content\">         <div class=\"moz-reader-content reader-show-element\"><div id=\"readability-page-1\" class=\"page\"><div> <p>O pagamento do abono salarial PIS-Pasep 2024, relativo ao ano-base  2022, ter\u00e1 in\u00edcio na quinta-feira (15) para os trabalhadores que  nasceram em janeiro.<\/p> <p>Esse abono salarial \u00e9 um benef\u00edcio anual no valor de at\u00e9 um  sal\u00e1rio-m\u00ednimo concedido a trabalhadores e servidores que atendem aos  crit\u00e9rios do programa.<\/p> <p>De modo geral, t\u00eam direito ao abono os funcion\u00e1rios da iniciativa  privada (PIS) e os servidores p\u00fablicos (Pasep) que tenham trabalhado por  pelo menos 30 dias no ano-base e recebido at\u00e9 dois sal\u00e1rios-m\u00ednimos  mensais.<\/p> <p>As informa\u00e7\u00f5es sobre o banco respons\u00e1vel pelo pagamento, a data e os  valores, incluindo os anos anteriores, podem ser consultadas no  aplicativo Carteira de Trabalho Digital e no portal Gov.br.<\/p> <p>Neste ano, houve a unifica\u00e7\u00e3o do calend\u00e1rio de pagamento, sendo que  tanto os trabalhadores da iniciativa privada quanto os servidores  p\u00fablicos receber\u00e3o de acordo com o m\u00eas de nascimento de cada  benefici\u00e1rio (verifique o cronograma abaixo).<\/p> <p>Ao todo, 24,8 milh\u00f5es de trabalhadores receber\u00e3o o abono, segundo o  Minist\u00e9rio do Trabalho, sendo 21,9 milh\u00f5es da iniciativa privada e 2,9  milh\u00f5es do servi\u00e7o p\u00fablico. Veja perguntas e respostas:<\/p> <figure><picture> <source type=\"image\/webp\"><\/source> <img loading=\"lazy\" decoding=\"async\" data-pin-no-hover=\"true\" width=\"564\" height=\"631\" class=\"moz-reader-block-img\" src=\"https:\/\/terrabrasilnoticias.com\/wp-content\/uploads\/2024\/02\/image-160.png\" alt=\"\"> <\/picture> <\/figure> <h2><strong>1. Quem tem direito ao abono salarial?<\/strong><\/h2> <p>Os trabalhadores devem atender aos seguintes crit\u00e9rios para ter direito ao benef\u00edcio:<\/p> <ul><li>estar cadastrado no programa PIS\/Pasep ou no CNIS (data do primeiro emprego) h\u00e1 pelo menos cinco anos;<\/li><li>ter trabalhado para empregadores que contribuem para o Programa de  Integra\u00e7\u00e3o Social (PIS) ou para o Programa de Forma\u00e7\u00e3o do Patrim\u00f4nio do  Servidor P\u00fablico (Pasep);<\/li><li>ter recebido at\u00e9 2 sal\u00e1rios-m\u00ednimos m\u00e9dios de remunera\u00e7\u00e3o mensal\u00a0no per\u00edodo trabalhado;<\/li><li>ter exercido atividade remunerada durante pelo menos 30 dias, consecutivos ou n\u00e3o, no ano-base da apura\u00e7\u00e3o (2022);<\/li><li>ter os dados informados pelo empregador (pessoa jur\u00eddica ou governo)  corretamente na Rela\u00e7\u00e3o Anual de Informa\u00e7\u00f5es Sociais (Rais) ou no  eSocial do ano-base considerado para apura\u00e7\u00e3o (2022).<\/li><\/ul> <h2><strong>2. Quem\u00a0<\/strong><strong>n\u00e3o<\/strong><strong>\u00a0tem direito ao abono salarial?<\/strong><\/h2> <ul><li>empregado(a) dom\u00e9stico(a);<\/li><li>trabalhadores rurais empregados por pessoa f\u00edsica;<\/li><li>trabalhadores urbanos empregados por pessoa f\u00edsica;<\/li><li>trabalhadores empregados por pessoa f\u00edsica equiparada a jur\u00eddica.<\/li><\/ul> <h2><strong>3. Qual \u00e9 o valor?<\/strong><\/h2> <p>O valor do abono salarial \u00e9<strong>\u00a0proporcional ao tempo de servi\u00e7o do trabalhador no ano-base em quest\u00e3o<\/strong>.<\/p> <p>O c\u00e1lculo corresponde ao valor atual do sal\u00e1rio-m\u00ednimo dividido por  12 e multiplicado pela quantidade de meses trabalhados no ano-base.  Assim, somente quem trabalhou os 12 meses do ano-base recebe o valor  total de um sal\u00e1rio-m\u00ednimo.<\/p> <p>Neste ano,\u00a0o benef\u00edcio ir\u00e1 variar de R$ 118 a R$ 1.412.\u00a0<strong><em>Veja abaixo os valores conforme a quantidade de meses trabalhados:<\/em><\/strong><\/p> <figure><picture> <source type=\"image\/webp\"><\/source> <img loading=\"lazy\" decoding=\"async\" data-pin-no-hover=\"true\" width=\"624\" height=\"626\" class=\"moz-reader-block-img\" src=\"https:\/\/terrabrasilnoticias.com\/wp-content\/uploads\/2024\/02\/image-161.png\" alt=\"\"> <\/picture> <\/figure> <h2>4. Como consultar?<\/h2> <p>Para fazer a consulta pelo<a href=\"https:\/\/www.gov.br\/pt-br\/temas\/carteira-de-trabalho-digital\" target=\"_blank\" rel=\"noreferrer noopener\">\u00a0aplicativo da Carteira de Trabalho Digital<\/a>, siga o\u00a0<strong>passo a passo<\/strong>:<\/p> <ol><li>Certifique-se de que o aplicativo esteja atualizado;<\/li><li>Acesse o sistema com seu n\u00famero de CPF e a senha utilizada no portal gov.br;<\/li><li>Toque em\u00a0<strong>\u201cBenef\u00edcios\u201d<\/strong>\u00a0e, em seguida, em \u201c<strong>Abono Salarial\u201d<\/strong>. A tela seguinte ir\u00e1 informar se o trabalhador est\u00e1 ou n\u00e3o habilitado para receber o benef\u00edcio.<\/li><\/ol> <p>Vale lembrar que trabalhadores do setor privado tamb\u00e9m podem  consultar a situa\u00e7\u00e3o do benef\u00edcio e a data de pagamento nos  aplicativos\u00a0Caixa Trabalhador\u00a0e\u00a0Caixa Tem.<\/p> <h2>5. Como ser\u00e3o os pagamentos?<\/h2> <p>O pagamento do PIS (Programa de Integra\u00e7\u00e3o Social) aos trabalhadores  da iniciativa privada \u00e9 administrado pela\u00a0Caixa Econ\u00f4mica Federal. Ele  poder\u00e1 ser feito:<\/p> <ul><li>por\u00a0<strong>cr\u00e9dito em conta Caixa<\/strong>, quando o trabalhador possuir conta corrente ou conta poupan\u00e7a, ou Conta Digital;<\/li><li>por\u00a0<strong>cr\u00e9dito pelo aplicativo Caixa Tem<\/strong>, em conta poupan\u00e7a social digital, aberta automaticamente pela Caixa;<\/li><li>em canais como<strong>\u00a0ag\u00eancia, lot\u00e9ricas, autoatendimento, Caixa Aqui e demais canais de pagamentos\u00a0<\/strong>oferecidos pela Caixa.<\/li><\/ul> <p>J\u00e1 o Pasep (Programa de Forma\u00e7\u00e3o do Patrim\u00f4nio do Servidor P\u00fablico) \u00e9  v\u00e1lido para os servidores p\u00fablicos, e os dep\u00f3sitos s\u00e3o feitos  pelo\u00a0Banco do Brasil.<\/p> <p>Nesta situa\u00e7\u00e3o, o Minist\u00e9rio do Trabalho comunicou que o pagamento  ser\u00e1 efetuado prioritariamente por meio de cr\u00e9dito em conta banc\u00e1ria,  transfer\u00eancia via TED, PIX ou presencialmente nas ag\u00eancias de  atendimento.<\/p> <p><em>As informa\u00e7\u00f5es s\u00e3o do G1<\/em><\/p> <\/div><\/div><\/div>     <\/div><\/div><\/p>\n","protected":false},"excerpt":{"rendered":"<p>O pagamento do abono salarial PIS-Pasep 2024, relativo ao ano-base 2022, ter\u00e1 in\u00edcio na quinta-feira (15) para os trabalhadores que<\/p>\n","protected":false},"author":1,"featured_media":4924,"comment_status":"open","ping_status":"open","sticky":false,"template":"","format":"standard","meta":{"footnotes":""},"categories":[2],"tags":[],"class_list":["post-4923","post","type-post","status-publish","format-standard","has-post-thumbnail","hentry","category-noticias"],"_links":{"self":[{"href":"https:\/\/jornaloalvorada.com.br\/site\/wp-json\/wp\/v2\/posts\/4923","targetHints":{"allow":["GET"]}}],"collection":[{"href":"https:\/\/jornaloalvorada.com.br\/site\/wp-json\/wp\/v2\/posts"}],"about":[{"href":"https:\/\/jornaloalvorada.com.br\/site\/wp-json\/wp\/v2\/types\/post"}],"author":[{"embeddable":true,"href":"https:\/\/jornaloalvorada.com.br\/site\/wp-json\/wp\/v2\/users\/1"}],"replies":[{"embeddable":true,"href":"https:\/\/jornaloalvorada.com.br\/site\/wp-json\/wp\/v2\/comments?post=4923"}],"version-history":[{"count":1,"href":"https:\/\/jornaloalvorada.com.br\/site\/wp-json\/wp\/v2\/posts\/4923\/revisions"}],"predecessor-version":[{"id":4925,"href":"https:\/\/jornaloalvorada.com.br\/site\/wp-json\/wp\/v2\/posts\/4923\/revisions\/4925"}],"wp:featuredmedia":[{"embeddable":true,"href":"https:\/\/jornaloalvorada.com.br\/site\/wp-json\/wp\/v2\/media\/4924"}],"wp:attachment":[{"href":"https:\/\/jornaloalvorada.com.br\/site\/wp-json\/wp\/v2\/media?parent=4923"}],"wp:term":[{"taxonomy":"category","embeddable":true,"href":"https:\/\/jornaloalvorada.com.br\/site\/wp-json\/wp\/v2\/categories?post=4923"},{"taxonomy":"post_tag","embeddable":true,"href":"https:\/\/jornaloalvorada.com.br\/site\/wp-json\/wp\/v2\/tags?post=4923"}],"curies":[{"name":"wp","href":"https:\/\/api.w.org\/{rel}","templated":true}]}}