{"id":49,"date":"2023-02-01T19:47:18","date_gmt":"2023-02-01T22:47:18","guid":{"rendered":"https:\/\/jornaloalvorada.com.br\/site\/?p=49"},"modified":"2023-02-01T19:47:21","modified_gmt":"2023-02-01T22:47:21","slug":"governo-lula-da-60-dias-para-cacs-registrarem-armas-na-pf","status":"publish","type":"post","link":"https:\/\/jornaloalvorada.com.br\/site\/2023\/02\/01\/governo-lula-da-60-dias-para-cacs-registrarem-armas-na-pf\/","title":{"rendered":"Governo Lula d\u00e1 60 dias para CACs registrarem armas na PF"},"content":{"rendered":"\n<p>O Minist\u00e9rio da Justi\u00e7a e Seguran\u00e7a P\u00fablica abriu prazo de 60 dias, contados a partir desta quarta-feira (1\u00ba), para que propriet\u00e1rios de armas de uso permitido ou restrito registrem esses armamentos no Sistema Nacional de Armas (Sinarm), gerenciado pela Pol\u00edcia Federal.<\/p>\n\n\n\n<p>O governo quer concentrar todos os registros de armas em posse da popula\u00e7\u00e3o no Sinarm \u2013 incluindo o arsenal de ca\u00e7adores, atiradores e colecionadores (CACs), que hoje \u00e9 controlado e registrado pelo Ex\u00e9rcito.<\/p>\n\n\n\n<p>Ao fim do prazo, quem n\u00e3o fizer o cadastro pode ter o armamento apreendido e responder pelos crimes de porte e posse ilegal de arma de fogo, previstos no Estatuto de Desarmamento de 2003.<\/p>\n\n\n\n<p>O cadastro dever\u00e1 conter a identifica\u00e7\u00e3o da arma e do propriet\u00e1rio \u2014 incluindo o nome, CFP ou CNPJ, endere\u00e7o de resid\u00eancia e do acervo.<\/p>\n\n\n\n<p>Apesar da centraliza\u00e7\u00e3o do registro de armas, o cadastro n\u00e3o substituir\u00e1 a comprova\u00e7\u00e3o de requisitos para obten\u00e7\u00e3o da posse ou porte.<\/p>\n\n\n\n<p>Ainda durante a transi\u00e7\u00e3o de governo, o atual ministro Fl\u00e1vio Dino j\u00e1 havia apontado a necessidade de um controle mais efetivo do armamento civil no pa\u00eds.<\/p>\n\n\n\n<p>Entidades apontam que o Ex\u00e9rcito, respons\u00e1vel at\u00e9 agora pelo controle dos CACs, n\u00e3o tem efetivo operacional suficiente para fiscalizar e garantir a integridade dos cadastros.<\/p>\n\n\n\n<p><strong><em>Fonte: Terra Brasil Not\u00edcias<\/em><\/strong><\/p>\n","protected":false},"excerpt":{"rendered":"<p>O Minist\u00e9rio da Justi\u00e7a e Seguran\u00e7a P\u00fablica abriu prazo de 60 dias, contados a partir desta quarta-feira (1\u00ba), para que<\/p>\n","protected":false},"author":1,"featured_media":50,"comment_status":"open","ping_status":"open","sticky":false,"template":"","format":"standard","meta":{"footnotes":""},"categories":[2],"tags":[],"class_list":["post-49","post","type-post","status-publish","format-standard","has-post-thumbnail","hentry","category-noticias"],"_links":{"self":[{"href":"https:\/\/jornaloalvorada.com.br\/site\/wp-json\/wp\/v2\/posts\/49","targetHints":{"allow":["GET"]}}],"collection":[{"href":"https:\/\/jornaloalvorada.com.br\/site\/wp-json\/wp\/v2\/posts"}],"about":[{"href":"https:\/\/jornaloalvorada.com.br\/site\/wp-json\/wp\/v2\/types\/post"}],"author":[{"embeddable":true,"href":"https:\/\/jornaloalvorada.com.br\/site\/wp-json\/wp\/v2\/users\/1"}],"replies":[{"embeddable":true,"href":"https:\/\/jornaloalvorada.com.br\/site\/wp-json\/wp\/v2\/comments?post=49"}],"version-history":[{"count":1,"href":"https:\/\/jornaloalvorada.com.br\/site\/wp-json\/wp\/v2\/posts\/49\/revisions"}],"predecessor-version":[{"id":51,"href":"https:\/\/jornaloalvorada.com.br\/site\/wp-json\/wp\/v2\/posts\/49\/revisions\/51"}],"wp:featuredmedia":[{"embeddable":true,"href":"https:\/\/jornaloalvorada.com.br\/site\/wp-json\/wp\/v2\/media\/50"}],"wp:attachment":[{"href":"https:\/\/jornaloalvorada.com.br\/site\/wp-json\/wp\/v2\/media?parent=49"}],"wp:term":[{"taxonomy":"category","embeddable":true,"href":"https:\/\/jornaloalvorada.com.br\/site\/wp-json\/wp\/v2\/categories?post=49"},{"taxonomy":"post_tag","embeddable":true,"href":"https:\/\/jornaloalvorada.com.br\/site\/wp-json\/wp\/v2\/tags?post=49"}],"curies":[{"name":"wp","href":"https:\/\/api.w.org\/{rel}","templated":true}]}}