{"id":4896,"date":"2024-02-14T08:49:28","date_gmt":"2024-02-14T12:49:28","guid":{"rendered":"https:\/\/jornaloalvorada.com.br\/site\/?p=4896"},"modified":"2024-02-14T08:49:31","modified_gmt":"2024-02-14T12:49:31","slug":"vai-viajar-pela-br-163-confira-os-pontos-de-interdicao-em-mato-grosso-do-sul","status":"publish","type":"post","link":"https:\/\/jornaloalvorada.com.br\/site\/2024\/02\/14\/vai-viajar-pela-br-163-confira-os-pontos-de-interdicao-em-mato-grosso-do-sul\/","title":{"rendered":"Vai viajar pela BR-163? Confira os pontos de interdi\u00e7\u00e3o em Mato Grosso do Sul"},"content":{"rendered":"\n<p><a href=\"https:\/\/midiamax.uol.com.br\/tag\/obras\/\">Obras<\/a> e reparos na <a href=\"https:\/\/midiamax.uol.com.br\/tag\/br-163\/\">BR-163<\/a>&nbsp;causam interdi\u00e7\u00f5es em trechos de Mato Grosso do Sul nesta Quarta-feira de Cinzas (14). Os viajantes v\u00e3o encontrar sete pontos de desvios.<\/p>\n\n\n\n<p>A concession\u00e1ria&nbsp;<a href=\"https:\/\/midiamax.uol.com.br\/tag\/ccr\/\">CCR<\/a>&nbsp;MSVia explica que ter\u00e1 a a\u00e7\u00e3o de pare-e-siga consiste na interdi\u00e7\u00e3o do tr\u00e1fego em uma das faixas enquanto o mesmo flui pela outra, de forma alternada, nos sentidos norte e sul, devido \u00e0 realiza\u00e7\u00e3o de obras e servi\u00e7os de melhoria da pista. Os locais est\u00e3o sinalizados.<\/p>\n\n\n\n<p>A orienta\u00e7\u00e3o \u00e9 redobrar os cuidados, ficar atento aos pontos de interdi\u00e7\u00e3o e reduzir a velocidade.<\/p>\n\n\n\n<h2 class=\"wp-block-heading\">Pontos com desvio de tr\u00e1fego<\/h2>\n\n\n\n<ul class=\"wp-block-list\">\n<li><a href=\"https:\/\/midiamax.uol.com.br\/municipios\/sonora\/\">Sonora<\/a>&nbsp;&#8211; entre os kms 831 e 822;<\/li>\n\n\n\n<li>S\u00e3o Gabriel do Oeste &#8211; entre os kms 626 e 623;<\/li>\n\n\n\n<li>Jaraguari &#8211; entre os kms 510 e 503;<\/li>\n\n\n\n<li><a href=\"https:\/\/midiamax.uol.com.br\/municipios\/campo-grande\/\">Campo Grande<\/a>&nbsp;&#8211; entre os kms 432 e 430;<\/li>\n\n\n\n<li>Rio Brilhante &#8211; entre os kms 315 e 312;<\/li>\n\n\n\n<li><a href=\"https:\/\/midiamax.uol.com.br\/municipios\/dourados\/\">Dourados<\/a>&nbsp;&#8211; entre os kms 279 e 275;<\/li>\n\n\n\n<li>Itaquira\u00ed &#8211; entre os kms 106 e 103.<\/li>\n<\/ul>\n\n\n\n<p>A evolu\u00e7\u00e3o da situa\u00e7\u00e3o de tr\u00e1fego da BR-163 pode ser consultada em tempo real no site&nbsp;<a href=\"http:\/\/www.msvia.com.br\/\">www.msvia.com.br,<\/a>&nbsp;ou pelo Disque CCR MSVia pelo 0800 648 0163, com liga\u00e7\u00f5es gratuitas, inclusive para celulares.<\/p>\n","protected":false},"excerpt":{"rendered":"<p>Obras e reparos na BR-163&nbsp;causam interdi\u00e7\u00f5es em trechos de Mato Grosso do Sul nesta Quarta-feira de Cinzas (14). Os viajantes<\/p>\n","protected":false},"author":1,"featured_media":4897,"comment_status":"open","ping_status":"open","sticky":false,"template":"","format":"standard","meta":{"footnotes":""},"categories":[2],"tags":[],"class_list":["post-4896","post","type-post","status-publish","format-standard","has-post-thumbnail","hentry","category-noticias"],"_links":{"self":[{"href":"https:\/\/jornaloalvorada.com.br\/site\/wp-json\/wp\/v2\/posts\/4896","targetHints":{"allow":["GET"]}}],"collection":[{"href":"https:\/\/jornaloalvorada.com.br\/site\/wp-json\/wp\/v2\/posts"}],"about":[{"href":"https:\/\/jornaloalvorada.com.br\/site\/wp-json\/wp\/v2\/types\/post"}],"author":[{"embeddable":true,"href":"https:\/\/jornaloalvorada.com.br\/site\/wp-json\/wp\/v2\/users\/1"}],"replies":[{"embeddable":true,"href":"https:\/\/jornaloalvorada.com.br\/site\/wp-json\/wp\/v2\/comments?post=4896"}],"version-history":[{"count":1,"href":"https:\/\/jornaloalvorada.com.br\/site\/wp-json\/wp\/v2\/posts\/4896\/revisions"}],"predecessor-version":[{"id":4898,"href":"https:\/\/jornaloalvorada.com.br\/site\/wp-json\/wp\/v2\/posts\/4896\/revisions\/4898"}],"wp:featuredmedia":[{"embeddable":true,"href":"https:\/\/jornaloalvorada.com.br\/site\/wp-json\/wp\/v2\/media\/4897"}],"wp:attachment":[{"href":"https:\/\/jornaloalvorada.com.br\/site\/wp-json\/wp\/v2\/media?parent=4896"}],"wp:term":[{"taxonomy":"category","embeddable":true,"href":"https:\/\/jornaloalvorada.com.br\/site\/wp-json\/wp\/v2\/categories?post=4896"},{"taxonomy":"post_tag","embeddable":true,"href":"https:\/\/jornaloalvorada.com.br\/site\/wp-json\/wp\/v2\/tags?post=4896"}],"curies":[{"name":"wp","href":"https:\/\/api.w.org\/{rel}","templated":true}]}}