{"id":4885,"date":"2024-02-12T15:49:00","date_gmt":"2024-02-12T19:49:00","guid":{"rendered":"https:\/\/jornaloalvorada.com.br\/site\/?p=4885"},"modified":"2024-02-12T15:49:02","modified_gmt":"2024-02-12T19:49:02","slug":"lula-visita-o-egito-em-momento-de-tensao-do-pais-com-israel","status":"publish","type":"post","link":"https:\/\/jornaloalvorada.com.br\/site\/2024\/02\/12\/lula-visita-o-egito-em-momento-de-tensao-do-pais-com-israel\/","title":{"rendered":"Lula visita o Egito em momento de tens\u00e3o do pa\u00eds com Israel"},"content":{"rendered":"\n<p>O presidente <a href=\"https:\/\/eleicoes.poder360.com.br\/candidato\/929674#2022\" target=\"_blank\" rel=\"noreferrer noopener\">Luiz In\u00e1cio Lula da Silva<\/a> (PT) visitar\u00e1 o Egito no momento em que as <a href=\"https:\/\/www.poder360.com.br\/internacional\/egito-alerta-que-ofensiva-de-israel-em-rafah-pode-romper-acordo\/\" target=\"_blank\" rel=\"noreferrer noopener\">tens\u00f5es entre o pa\u00eds africano e Israel aumentaram<\/a> por causa da <a href=\"https:\/\/www.poder360.com.br\/internacional\/israel-planeja-ataque-contra-hamas-em-rafah-ultimo-refugio-em-gaza\/\" target=\"_blank\" rel=\"noreferrer noopener\">amea\u00e7a de a\u00e7\u00f5es militares israelenses<\/a> no sul da Faixa de Gaza. Embora a viagem marque os 100 anos das rela\u00e7\u00f5es entre Brasil e Egito, o conflito na regi\u00e3o deve dominar a agenda do chefe do Executivo brasileiro. O petista inicia seu 1\u00ba p\u00e9riplo internacional do ano na 4\u00aa feira (14.fev.2024), quando desembarcar\u00e1 no Cairo, capital eg\u00edpcia.<\/p>\n\n\n\n<p>Na 6\u00aa feira (9.fev.2024), o primeiro-ministro de Israel, Benjamin Netanyahu, disse que o Ex\u00e9rcito israelense <a href=\"https:\/\/www.poder360.com.br\/internacional\/israel-planeja-ataque-contra-hamas-em-rafah-ultimo-refugio-em-gaza\/\">precisa conduzir opera\u00e7\u00f5es<\/a> na cidade de Rafah, ao sul da Faixa de Gaza, para derrotar o grupo extremista Hamas.<\/p>\n\n\n\n<p>A regi\u00e3o abriga atualmente mais de 1 milh\u00e3o de palestinos que se deslocaram de outras cidades destru\u00eddas pela guerra. \u00c9 praticamente o \u00faltimo ref\u00fagio de Gaza. O premi\u00ea israelense pediu que o Ex\u00e9rcito elabore um plano de retirada dos civis.<\/p>\n\n\n\n<p>Rafah faz fronteira com o Egito e tem a \u00fanica passagem de Gaza para outro territ\u00f3rio que n\u00e3o o israelense. Por isso, o governo do presidente eg\u00edpcio Abdul Fatah Khalil al-Sisi alertou aliados ocidentais de Israel de que a ofensiva na regi\u00e3o sul de Gaza pode levar ao rompimento do <a href=\"https:\/\/static.poder360.com.br\/2024\/02\/tratado-de-paz-israel-egito.pdf\">tratado de paz israelo-eg\u00edpcio<\/a>, firmado em 1979.<\/p>\n\n\n\n<p>De acordo com reportagem do jornal <em><a href=\"https:\/\/www.nytimes.com\/2024\/02\/10\/world\/middleeast\/egypt-gaza-israel-war.html\" target=\"_blank\" rel=\"noreferrer noopener\">The New York Times<\/a><\/em>, diplomatas eg\u00edpcios avaliam que as a\u00e7\u00f5es israelenses podem for\u00e7ar os palestinos a entrar no territ\u00f3rio do Egito. Para o governo do pa\u00eds, a entrada de refugiados aumentaria a influ\u00eancia de grupos extremistas na regi\u00e3o.<\/p>\n\n\n\n<p>O alerta do Egito teria sido comunicado ao secret\u00e1rio de Estado dos Estados Unidos, Anthony Blinken, durante uma visita do norte-americano ao Cairo em 7 de fevereiro. Segundo ele, o governo eg\u00edpcio estaria preparado para militarizar a fronteira com Gaza.<\/p>\n\n\n\n<p>Desde o ataque do Hamas contra Israel em 7 de outubro de 2023, o Egito tem sido um dos principais interlocutores dos governos israelense e palestino com demais na\u00e7\u00f5es. O Brasil, por exemplo, contou com a ajuda dos eg\u00edpcios nas negocia\u00e7\u00f5es para a retirada de 115 brasileiros e familiares palestinos da Faixa de Gaza. Todos sa\u00edram pela passagem de Rafah e viajaram at\u00e9 o Cairo para, ent\u00e3o, retornarem ao Brasil.<\/p>\n\n\n\n<p>Lula ter\u00e1 uma reuni\u00e3o reservada com al-Sisi na 5\u00aa feira (15.fev.2024). Depois, encontra-se com demais autoridades eg\u00edpcias. O presidente deve visitar tamb\u00e9m a sede da Liga dos Estados \u00c1rabes.<\/p>\n\n\n\n<figure class=\"wp-block-image\"><img decoding=\"async\" src=\"https:\/\/static.poder360.com.br\/2024\/02\/viagens-internacionais-Lula-2024-11-fev-2024.png\" alt=\"\"\/><\/figure>\n\n\n\n<h2 class=\"wp-block-heading\"><strong>DISCUSS\u00d5ES SOBRE A GUERRA<\/strong><\/h2>\n\n\n\n<p>O conflito na Faixa de Gaza ser\u00e1 um dos principais temas das conversas entre os presidentes.&nbsp;<em>\u201c\u00c9 sempre uma quest\u00e3o delicada, que deve ser tratada, entre outros, com o Egito por causa da passagem de Rafah. Essa quest\u00e3o certamente vai estar em pauta, se n\u00e3o em termos espec\u00edficos sobre a retirada de brasileiros que ainda possam estar l\u00e1, a quest\u00e3o de Gaza em si vai ser objeto de conversas sim\u201d,<\/em> disse o embaixador Carlos S\u00e9rgio Sobral Duarte, secret\u00e1rio de \u00c1frica e de Oriente M\u00e9dio do Itamaraty.<\/p>\n\n\n\n<p>Na 6\u00aa feira (16.fev), Lula viajar\u00e1 para a Eti\u00f3pia, onde participar\u00e1 como convidado de honra da C\u00fapula da Uni\u00e3o Africana. Tamb\u00e9m dever\u00e1 se reunir com o presidente da Autoridade Palestina, Mahmoud Abbas, a quem chamou de amigo, e com o secret\u00e1rio-geral das Na\u00e7\u00f5es Unidas, Ant\u00f3nio Guterres, em Adis Abeba, na Eti\u00f3pia, em 17 ou 18 de fevereiro.<\/p>\n\n\n\n<p>Em <a href=\"https:\/\/www.poder360.com.br\/governo\/lula-participa-de-jantar-na-embaixada-da-palestina-em-brasilia\/\" target=\"_blank\" rel=\"noreferrer noopener\">jantar na Embaixada da Palestina<\/a> em Bras\u00edlia na 5\u00aa feira (8.fev), Lula repetiu sua vis\u00e3o sobre o conflito. Classificou o ataque do Hamas como um ato <em>\u201cterrorista\u201d, <\/em>mas disse condenar<em> \u201ccom igual veem\u00eancia a rea\u00e7\u00e3o desproporcional de Israel\u201d.<\/em> O presidente tem dito que as ofensivas militares em Gaza mataram principalmente mulheres e crian\u00e7as.<\/p>\n\n\n\n<p>No mesmo evento, Lula disse que <a href=\"https:\/\/www.poder360.com.br\/governo\/lula-enviara-mais-dinheiro-a-agencia-da-onu-suspeita-de-ajudar-hamas\/\">enviar\u00e1 mais dinheiro para a UNRWA<\/a>, a ag\u00eancia das Na\u00e7\u00f5es Unidas para refugiados palestinos. Mas n\u00e3o deu detalhes do montante que pretende doar.<\/p>\n\n\n\n<p>A organiza\u00e7\u00e3o \u00e9 suspeita de colaborar com o Hamas nos ataques a Israel de 7 de outubro de 2023. <em>\u201cAs recentes den\u00fancias contra funcion\u00e1rios da UNRWA precisam ser devidamente investigadas, mas n\u00e3o podem paralis\u00e1-la\u201d,<\/em> disse o petista em discurso na Embaixada da Palestina, onde foi homenageado. Leia a <a href=\"https:\/\/static.poder360.com.br\/2024\/02\/discurso-lula-embaixada-palestina-8fev2024.pdf\" target=\"_blank\" rel=\"noreferrer noopener\">\u00edntegra<\/a> da fala do presidente (PDF \u2013 39 kB).<\/p>\n\n\n\n<p>Historicamente, o Brasil defende a exist\u00eancia de 2 Estados como solu\u00e7\u00e3o para a regi\u00e3o, com a cria\u00e7\u00e3o do Estado Palestino. Lula tamb\u00e9m defende que o Hamas liberte ref\u00e9ns.<\/p>\n\n\n\n<p>O presidente, por\u00e9m, tem evitado mencionar o brasileiro Michel Nisenbaum, 59 anos, que foi sequestrado pelo Hamas em 7 de outubro de 2023. Em dezembro, Lula <a href=\"https:\/\/www.poder360.com.br\/governo\/pressionado-lula-recebe-familia-de-brasileiro-sequestrado-pelo-hamas\/\">recebeu Mery Shohat e Hen Mahlouf Nisenbaum<\/a>, irm\u00e3 e filha de Nisenbaum.<\/p>\n\n\n\n<p>De acordo com o embaixador de Israel no Brasil, Daniel Zonshine, o governo, por\u00e9m, <a href=\"https:\/\/www.poder360.com.br\/governo\/governo-nao-fala-com-embaixada-sobre-brasileiro-nas-maos-do-hamas\/\">n\u00e3o fez contato<\/a> com a representa\u00e7\u00e3o diplom\u00e1tica para compartilhar informa\u00e7\u00f5es sobre os esfor\u00e7os empreendidos pela liberta\u00e7\u00e3o de Nisenbaum.<\/p>\n\n\n\n<p><em>\u201cEu n\u00e3o recebi informa\u00e7\u00f5es ou contatos sobre os esfor\u00e7os ou o que foi feito. Conosco, nada foi falado. Mas eles prometeram ajudar\u201d,<\/em> disse em entrevista ao <strong>Poder360<\/strong> em janeiro.<\/p>\n\n\n\n<p>Em 10 de janeiro, o governo declarou apoio \u00e0 iniciativa da \u00c1frica do Sul de acionar a Corte Internacional de Justi\u00e7a da ONU (Organiza\u00e7\u00e3o das Na\u00e7\u00f5es Unidas) para investigar <em>\u201catos e medidas que possam constituir genoc\u00eddio ou crimes relacionados\u201d<\/em> e determinar o cessar-fogo imediato de Israel na Faixa de Gaza.<\/p>\n\n\n\n<p>Lula tomou essa decis\u00e3o depois de se reunir com o embaixador da Palestina no Brasil, Ibrahim Alzeben. Na 5\u00aa feira (8.fev.2024), o presidente <a href=\"https:\/\/www.poder360.com.br\/governo\/israel-deve-acatar-decisao-de-evitar-genocidio-em-gaza-diz-lula\/\">defendeu<\/a> que Israel acate a decis\u00e3o da Corte Internacional, que determinou que o pa\u00eds evite um <em>\u201cgenoc\u00eddio\u201d<\/em> em Gaza.<\/p>\n\n\n\n<h2 class=\"wp-block-heading\"><strong>24 pa\u00edses em 2023<\/strong><\/h2>\n\n\n\n<p>Em 2023, <a href=\"https:\/\/www.poder360.com.br\/governo\/em-1o-ano-de-novo-mandato-lula-passou-62-dias-fora-do-brasil\/#:~:text=O%20presidente%20Luiz%20In%C3%A1cio%20Lula,de%2015%20sa%C3%ADdas%20do%20pa%C3%ADs.\" target=\"_blank\" rel=\"noreferrer noopener\">Lula passou 62 dias fora do Brasil<\/a>, quando visitou 24 pa\u00edses em um total de 15 sa\u00eddas do pa\u00eds. Ele esteve na \u00c1frica duas vezes. Em julho, permaneceu por apenas cerca de duas horas em Cabo Verde.<\/p>\n\n\n\n<figure class=\"wp-block-image\"><img decoding=\"async\" src=\"https:\/\/static.poder360.com.br\/2023\/12\/viagens-lula-26-nov-2023-alta.png\" alt=\"\"\/><\/figure>\n\n\n\n<p><strong><em>Fonte: Poder360<\/em><\/strong><\/p>\n","protected":false},"excerpt":{"rendered":"<p>O presidente Luiz In\u00e1cio Lula da Silva (PT) visitar\u00e1 o Egito no momento em que as tens\u00f5es entre o pa\u00eds<\/p>\n","protected":false},"author":1,"featured_media":4886,"comment_status":"open","ping_status":"open","sticky":false,"template":"","format":"standard","meta":{"footnotes":""},"categories":[2],"tags":[],"class_list":["post-4885","post","type-post","status-publish","format-standard","has-post-thumbnail","hentry","category-noticias"],"_links":{"self":[{"href":"https:\/\/jornaloalvorada.com.br\/site\/wp-json\/wp\/v2\/posts\/4885","targetHints":{"allow":["GET"]}}],"collection":[{"href":"https:\/\/jornaloalvorada.com.br\/site\/wp-json\/wp\/v2\/posts"}],"about":[{"href":"https:\/\/jornaloalvorada.com.br\/site\/wp-json\/wp\/v2\/types\/post"}],"author":[{"embeddable":true,"href":"https:\/\/jornaloalvorada.com.br\/site\/wp-json\/wp\/v2\/users\/1"}],"replies":[{"embeddable":true,"href":"https:\/\/jornaloalvorada.com.br\/site\/wp-json\/wp\/v2\/comments?post=4885"}],"version-history":[{"count":1,"href":"https:\/\/jornaloalvorada.com.br\/site\/wp-json\/wp\/v2\/posts\/4885\/revisions"}],"predecessor-version":[{"id":4887,"href":"https:\/\/jornaloalvorada.com.br\/site\/wp-json\/wp\/v2\/posts\/4885\/revisions\/4887"}],"wp:featuredmedia":[{"embeddable":true,"href":"https:\/\/jornaloalvorada.com.br\/site\/wp-json\/wp\/v2\/media\/4886"}],"wp:attachment":[{"href":"https:\/\/jornaloalvorada.com.br\/site\/wp-json\/wp\/v2\/media?parent=4885"}],"wp:term":[{"taxonomy":"category","embeddable":true,"href":"https:\/\/jornaloalvorada.com.br\/site\/wp-json\/wp\/v2\/categories?post=4885"},{"taxonomy":"post_tag","embeddable":true,"href":"https:\/\/jornaloalvorada.com.br\/site\/wp-json\/wp\/v2\/tags?post=4885"}],"curies":[{"name":"wp","href":"https:\/\/api.w.org\/{rel}","templated":true}]}}