{"id":4878,"date":"2024-02-12T14:42:24","date_gmt":"2024-02-12T18:42:24","guid":{"rendered":"https:\/\/jornaloalvorada.com.br\/site\/?p=4878"},"modified":"2024-02-12T14:44:21","modified_gmt":"2024-02-12T18:44:21","slug":"morre-luiza-trajano-donato-fundadora-do-magazine-luiza","status":"publish","type":"post","link":"https:\/\/jornaloalvorada.com.br\/site\/2024\/02\/12\/morre-luiza-trajano-donato-fundadora-do-magazine-luiza\/","title":{"rendered":"Morre Luiza Trajano Donato, fundadora do Magazine Luiza"},"content":{"rendered":"\n<p>Luiza Trajano Donato, fundadora do Magazine Luiza, morreu aos 97 anos nesta 2\u00aa feira (12.fev.2024) em sua casa em Franca, no interior de S\u00e3o Paulo, por causas naturais. A informa\u00e7\u00e3o foi confirmada ao <strong>Poder360<\/strong> pela assessoria da empresa varejista.<\/p>\n\n\n\n<p>Ela era tia da empres\u00e1ria Luiza Helena Trajano, atual presidente do Conselho de Administra\u00e7\u00e3o do Magazine Luiza. O vel\u00f3rio ser\u00e1 realizado \u00e0s 10h no Vel\u00f3rio S\u00e3o Vicente, em Franca (SP). O enterro est\u00e1 previsto para \u00e0s 16h no Cemit\u00e9rio da Saudade, no munic\u00edpio do interior paulista.<\/p>\n\n\n\n<p>Nascida em Cristais Paulista (SP) em 1926, Luiza Trajano Donato ficou conhecida como vendedora em Franca. Fundou em 1957 com o marido a loja \u201cA Cristaleira\u201d, que se tornaria a 1\u00aa unidade do Magazine Luiza.<\/p>\n\n\n\n<p><em>\u201cMuitos dos valores que hoje regem os mais de 30 000 colaboradores do Magalu s\u00e3o reflexo do jeito de pensar e de agir de sua fundadora. Tia Luiza tinha uma energia quase inesgot\u00e1vel para o trabalho\u201d<\/em>, diz a nota do Magazine Luiza.<\/p>\n\n\n\n<p>Luiza Trajano Donato n\u00e3o deixa filhos.<\/p>\n\n\n\n<p><strong>Leia a \u00edntegra da nota divulgada pela fam\u00edlia de Luiza:<\/strong><\/p>\n\n\n\n<p><em>\u201cInformamos, com enorme tristeza, o falecimento hoje, 12 de fevereiro de 2024, na cidade de Franca, da fundadora do Magazine Luiza, Luiza Trajano Donato, aos 97 anos.<\/em><\/p>\n\n\n\n<p><em>\u201cNascida em Cristais Paulista, no interior de S\u00e3o Paulo, Luiza Donato Trajano mudou-se para Franca para trabalhar e proporcionar uma vida melhor para a fam\u00edlia. Trabalhava como vendedora quando conheceu o caixeiro-viajante Pelegrino Jos\u00e9 Donato, com quem casou-se em 1956 e, um ano depois, o casal investiu todas as suas economias na compra de A Cristaleira, Loja de presentes estabelecida em Franca, a qual viria a ser o embri\u00e3o de uma das maiores empresas de varejo do pa\u00eds, ap\u00f3s ser renomeada como Magazine Luiza atrav\u00e9s de um concurso popular para escolha de nome.<\/em><\/p>\n\n\n\n<p><em>\u201cO vel\u00f3rio ser\u00e1 realizado no S\u00e3o Vicente de Paula (Rua Frederico Ozanan, 1111), das 10 \u00e0s 16h, e o sepultamento no Cemit\u00e9rio da Saudade (Rua Sim\u00e3o Caleiro, 1540), em Franca.<\/em><\/p>\n\n\n\n<p><em>\u201cFam\u00edlia Magazine Luiza\u201d<\/em><\/p>\n","protected":false},"excerpt":{"rendered":"<p>Luiza Trajano Donato, fundadora do Magazine Luiza, morreu aos 97 anos nesta 2\u00aa feira (12.fev.2024) em sua casa em Franca,<\/p>\n","protected":false},"author":1,"featured_media":4879,"comment_status":"open","ping_status":"open","sticky":false,"template":"","format":"standard","meta":{"footnotes":""},"categories":[3],"tags":[],"class_list":["post-4878","post","type-post","status-publish","format-standard","has-post-thumbnail","hentry","category-social"],"_links":{"self":[{"href":"https:\/\/jornaloalvorada.com.br\/site\/wp-json\/wp\/v2\/posts\/4878","targetHints":{"allow":["GET"]}}],"collection":[{"href":"https:\/\/jornaloalvorada.com.br\/site\/wp-json\/wp\/v2\/posts"}],"about":[{"href":"https:\/\/jornaloalvorada.com.br\/site\/wp-json\/wp\/v2\/types\/post"}],"author":[{"embeddable":true,"href":"https:\/\/jornaloalvorada.com.br\/site\/wp-json\/wp\/v2\/users\/1"}],"replies":[{"embeddable":true,"href":"https:\/\/jornaloalvorada.com.br\/site\/wp-json\/wp\/v2\/comments?post=4878"}],"version-history":[{"count":1,"href":"https:\/\/jornaloalvorada.com.br\/site\/wp-json\/wp\/v2\/posts\/4878\/revisions"}],"predecessor-version":[{"id":4880,"href":"https:\/\/jornaloalvorada.com.br\/site\/wp-json\/wp\/v2\/posts\/4878\/revisions\/4880"}],"wp:featuredmedia":[{"embeddable":true,"href":"https:\/\/jornaloalvorada.com.br\/site\/wp-json\/wp\/v2\/media\/4879"}],"wp:attachment":[{"href":"https:\/\/jornaloalvorada.com.br\/site\/wp-json\/wp\/v2\/media?parent=4878"}],"wp:term":[{"taxonomy":"category","embeddable":true,"href":"https:\/\/jornaloalvorada.com.br\/site\/wp-json\/wp\/v2\/categories?post=4878"},{"taxonomy":"post_tag","embeddable":true,"href":"https:\/\/jornaloalvorada.com.br\/site\/wp-json\/wp\/v2\/tags?post=4878"}],"curies":[{"name":"wp","href":"https:\/\/api.w.org\/{rel}","templated":true}]}}