{"id":4872,"date":"2024-02-12T14:35:18","date_gmt":"2024-02-12T18:35:18","guid":{"rendered":"https:\/\/jornaloalvorada.com.br\/site\/?p=4872"},"modified":"2024-02-12T14:35:21","modified_gmt":"2024-02-12T18:35:21","slug":"carnaval-mais-seguro-pm-reforca-policiamento-durante-o-periodo-de-carnaval-em-ms","status":"publish","type":"post","link":"https:\/\/jornaloalvorada.com.br\/site\/2024\/02\/12\/carnaval-mais-seguro-pm-reforca-policiamento-durante-o-periodo-de-carnaval-em-ms\/","title":{"rendered":"\u2018Carnaval Mais Seguro\u2019: PM refor\u00e7a policiamento durante o per\u00edodo de Carnaval em MS"},"content":{"rendered":"\n<p>A Pol\u00edcia Militar de Mato Grosso do Sul est\u00e1 refor\u00e7ando o policiamento durante as festividades do Carnaval. O refor\u00e7o teve in\u00edcio na quinta-feira (8) e se estendendo at\u00e9 dia 14 de fevereiro, quarta-feira. A Opera\u00e7\u00e3o \u201cCarnaval Mais Seguro\u201d tem como objetivo garantir a tranquilidade social durante as festividades.<\/p>\n\n\n\n<p>A estrat\u00e9gia adotada visa a seguran\u00e7a dos participantes, bem como a preven\u00e7\u00e3o aos crimes de furtos, roubos, agress\u00f5es e coibir pr\u00e1ticas ilegais, como o porte de armas, o tr\u00e1fico de drogas e a perturba\u00e7\u00e3o da tranquilidade p\u00fablica.<\/p>\n\n\n\n<figure class=\"wp-block-image\"><a href=\"https:\/\/agenciadenoticias.ms.gov.br\/wp-content\/uploads\/2024\/02\/WhatsApp-Image-2024-02-08-at-10.39.04-2.jpeg\"><img decoding=\"async\" src=\"https:\/\/agenciadenoticias.ms.gov.br\/wp-content\/uploads\/2024\/02\/WhatsApp-Image-2024-02-08-at-10.39.04-2-1024x1024.jpeg\" alt=\"\" class=\"wp-image-464962\"\/><\/a><\/figure>\n\n\n\n<p>Al\u00e9m disso, a PMMS est\u00e1 focada na fiscaliza\u00e7\u00e3o do cumprimento das leis de tr\u00e2nsito, especialmente relacionadas ao consumo de \u00e1lcool, dire\u00e7\u00e3o perigosa e excesso de velocidade, que s\u00e3o preocupa\u00e7\u00f5es frequentes durante o carnaval.<\/p>\n\n\n\n<p>Na Capital e no interior do Estado ser\u00e3o empregados o m\u00e1ximo de efetivo poss\u00edvel, sejam policiais militares integrantes dos setores administrativos, como os operacionais dos batalh\u00f5es de \u00e1rea, centros de forma\u00e7\u00e3o e unidades especializadas.<\/p>\n\n\n\n<p>Cidades como Campo Grande, Corumb\u00e1 e Bonito receber\u00e3o aten\u00e7\u00e3o maior em virtude da alta concentra\u00e7\u00e3o de pessoas, direcionando os esfor\u00e7os da pol\u00edcia militar para garantir um ambiente seguro e harmonioso.<\/p>\n\n\n\n<p>A PMMS destaca que est\u00e1 com duas campanhas para este Carnaval. A \u201cCarnaval Mais Seguro\u201d, visando a seguran\u00e7a dos foli\u00f5es e \u201cN\u00e3o \u00e9 N\u00e3o e Ponto Final\u201d, uma iniciativa no combate ao crime de importuna\u00e7\u00e3o sexual e conscientiza\u00e7\u00e3o dos foli\u00f5es.<\/p>\n\n\n\n<p><em>Comunica\u00e7\u00e3o da PMMS<\/em><\/p>\n","protected":false},"excerpt":{"rendered":"<p>A Pol\u00edcia Militar de Mato Grosso do Sul est\u00e1 refor\u00e7ando o policiamento durante as festividades do Carnaval. O refor\u00e7o teve<\/p>\n","protected":false},"author":1,"featured_media":4873,"comment_status":"open","ping_status":"open","sticky":false,"template":"","format":"standard","meta":{"footnotes":""},"categories":[2],"tags":[],"class_list":["post-4872","post","type-post","status-publish","format-standard","has-post-thumbnail","hentry","category-noticias"],"_links":{"self":[{"href":"https:\/\/jornaloalvorada.com.br\/site\/wp-json\/wp\/v2\/posts\/4872","targetHints":{"allow":["GET"]}}],"collection":[{"href":"https:\/\/jornaloalvorada.com.br\/site\/wp-json\/wp\/v2\/posts"}],"about":[{"href":"https:\/\/jornaloalvorada.com.br\/site\/wp-json\/wp\/v2\/types\/post"}],"author":[{"embeddable":true,"href":"https:\/\/jornaloalvorada.com.br\/site\/wp-json\/wp\/v2\/users\/1"}],"replies":[{"embeddable":true,"href":"https:\/\/jornaloalvorada.com.br\/site\/wp-json\/wp\/v2\/comments?post=4872"}],"version-history":[{"count":1,"href":"https:\/\/jornaloalvorada.com.br\/site\/wp-json\/wp\/v2\/posts\/4872\/revisions"}],"predecessor-version":[{"id":4874,"href":"https:\/\/jornaloalvorada.com.br\/site\/wp-json\/wp\/v2\/posts\/4872\/revisions\/4874"}],"wp:featuredmedia":[{"embeddable":true,"href":"https:\/\/jornaloalvorada.com.br\/site\/wp-json\/wp\/v2\/media\/4873"}],"wp:attachment":[{"href":"https:\/\/jornaloalvorada.com.br\/site\/wp-json\/wp\/v2\/media?parent=4872"}],"wp:term":[{"taxonomy":"category","embeddable":true,"href":"https:\/\/jornaloalvorada.com.br\/site\/wp-json\/wp\/v2\/categories?post=4872"},{"taxonomy":"post_tag","embeddable":true,"href":"https:\/\/jornaloalvorada.com.br\/site\/wp-json\/wp\/v2\/tags?post=4872"}],"curies":[{"name":"wp","href":"https:\/\/api.w.org\/{rel}","templated":true}]}}