{"id":4869,"date":"2024-02-09T13:50:20","date_gmt":"2024-02-09T17:50:20","guid":{"rendered":"https:\/\/jornaloalvorada.com.br\/site\/?p=4869"},"modified":"2024-02-09T13:50:23","modified_gmt":"2024-02-09T17:50:23","slug":"eua-afirmam-que-carros-eletricos-chineses-coletam-dados-do-condutor-e-podem-enviar-para-a-china","status":"publish","type":"post","link":"https:\/\/jornaloalvorada.com.br\/site\/2024\/02\/09\/eua-afirmam-que-carros-eletricos-chineses-coletam-dados-do-condutor-e-podem-enviar-para-a-china\/","title":{"rendered":"EUA afirmam que carros el\u00e9tricos chineses coletam dados do condutor e podem enviar para a China"},"content":{"rendered":"\n<p>A disputa comercial entre os Estados Unidos e a China permanece intensa. A administra\u00e7\u00e3o Biden emitiu um novo alerta, indicando que os ve\u00edculos el\u00e9tricos chineses podem ser considerados um \u201crisco significativo para a seguran\u00e7a nacional\u201d devido \u00e0 consider\u00e1vel quantidade de dados que eles coletam e que podem ser potencialmente enviados para a China.<\/p>\n\n\n\n<p>A secret\u00e1ria de Com\u00e9rcio dos EUA, Gina Raimondo, anunciou que os carros el\u00e9tricos e aut\u00f3nomos est\u00e3o \u201ca recolher uma enorme quantidade de informa\u00e7\u00f5es sobre o condutor, a localiza\u00e7\u00e3o do carro e o ambiente \u00e0 volta do ve\u00edculo\u201d, conforme&nbsp;foi relatado. As suas palavras foram mais longe e deixou uma pergunta: \u201cQueremos que todos esses dados v\u00e3o para Pequim?\u201d<\/p>\n\n\n\n<p>Essa comunica\u00e7\u00e3o surge como uma continuidade de outras iniciativas em andamento no momento. A Casa Branca est\u00e1 elaborando uma ordem executiva independente para evitar que advers\u00e1rios estrangeiros obtenham acesso a informa\u00e7\u00f5es pessoais consideradas \u201caltamente sens\u00edveis\u201d.<\/p>\n\n\n\n<p>Desde 2019, os Estados Unidos t\u00eam aplicado tarifas adicionais aos ve\u00edculos el\u00e9tricos provenientes da China. As autoridades norte-americanas h\u00e1 muito tempo alertam sobre a amea\u00e7a \u00e0 seguran\u00e7a de dados representada pela China, e a nova medida pode ter repercuss\u00f5es em diversos setores, conforme destacado no relat\u00f3rio.<\/p>\n\n\n\n<h2 class=\"wp-block-heading\">Guerra comercial EUA\/China continua em for\u00e7a<\/h2>\n\n\n\n<p>O analista chin\u00eas Ruan Jiaqi expressou desaprova\u00e7\u00e3o em rela\u00e7\u00e3o \u00e0 decis\u00e3o, alegando que as declara\u00e7\u00f5es de Gina Raimondo prejudicaram a reputa\u00e7\u00e3o dos fabricantes chineses de carros el\u00e9tricos, conforme relatado pelo Asia Times. Um exemplo disso \u00e9 a BYD, que alcan\u00e7ou grande \u00eaxito na Europa e Am\u00e9rica Latina, mas optou por evitar os Estados Unidos devido \u00e0s tarifas de 25% estabelecidas pela administra\u00e7\u00e3o Trump para carros chineses em 2019.<\/p>\n\n\n\n<p>Em dezembro passado, o Departamento do Tesouro dos EUA divulgou uma nova lista de diretrizes para subs\u00eddios federais que exclu\u00edam ve\u00edculos com componentes de bateria fabricados ou montados por uma \u201centidade estrangeira de interesse\u201d (tamb\u00e9m conhecida como China). A partir de 2025, os carros cujas baterias contenham determinados \u201cminerais cr\u00edticos\u201d extra\u00eddos ou processados \u200b\u200bna China tamb\u00e9m n\u00e3o ser\u00e3o eleg\u00edveis para obter cr\u00e9dito fiscal.<\/p>\n\n\n\n<p>Recentemente, Elon Musk, CEO da Tesla, afirmou que os fabricantes chineses de ve\u00edculos el\u00e9tricos teriam uma vantagem avassaladora sobre os concorrentes, caso n\u00e3o existissem barreiras comerciais.<\/p>\n\n\n\n<p><em><strong>Com informa\u00e7\u00f5es de PPLWare<\/strong><\/em><\/p>\n","protected":false},"excerpt":{"rendered":"<p>A disputa comercial entre os Estados Unidos e a China permanece intensa. A administra\u00e7\u00e3o Biden emitiu um novo alerta, indicando<\/p>\n","protected":false},"author":1,"featured_media":4870,"comment_status":"open","ping_status":"open","sticky":false,"template":"","format":"standard","meta":{"footnotes":""},"categories":[2],"tags":[],"class_list":["post-4869","post","type-post","status-publish","format-standard","has-post-thumbnail","hentry","category-noticias"],"_links":{"self":[{"href":"https:\/\/jornaloalvorada.com.br\/site\/wp-json\/wp\/v2\/posts\/4869","targetHints":{"allow":["GET"]}}],"collection":[{"href":"https:\/\/jornaloalvorada.com.br\/site\/wp-json\/wp\/v2\/posts"}],"about":[{"href":"https:\/\/jornaloalvorada.com.br\/site\/wp-json\/wp\/v2\/types\/post"}],"author":[{"embeddable":true,"href":"https:\/\/jornaloalvorada.com.br\/site\/wp-json\/wp\/v2\/users\/1"}],"replies":[{"embeddable":true,"href":"https:\/\/jornaloalvorada.com.br\/site\/wp-json\/wp\/v2\/comments?post=4869"}],"version-history":[{"count":1,"href":"https:\/\/jornaloalvorada.com.br\/site\/wp-json\/wp\/v2\/posts\/4869\/revisions"}],"predecessor-version":[{"id":4871,"href":"https:\/\/jornaloalvorada.com.br\/site\/wp-json\/wp\/v2\/posts\/4869\/revisions\/4871"}],"wp:featuredmedia":[{"embeddable":true,"href":"https:\/\/jornaloalvorada.com.br\/site\/wp-json\/wp\/v2\/media\/4870"}],"wp:attachment":[{"href":"https:\/\/jornaloalvorada.com.br\/site\/wp-json\/wp\/v2\/media?parent=4869"}],"wp:term":[{"taxonomy":"category","embeddable":true,"href":"https:\/\/jornaloalvorada.com.br\/site\/wp-json\/wp\/v2\/categories?post=4869"},{"taxonomy":"post_tag","embeddable":true,"href":"https:\/\/jornaloalvorada.com.br\/site\/wp-json\/wp\/v2\/tags?post=4869"}],"curies":[{"name":"wp","href":"https:\/\/api.w.org\/{rel}","templated":true}]}}