{"id":4863,"date":"2024-02-09T13:42:17","date_gmt":"2024-02-09T17:42:17","guid":{"rendered":"https:\/\/jornaloalvorada.com.br\/site\/?p=4863"},"modified":"2024-02-09T13:42:20","modified_gmt":"2024-02-09T17:42:20","slug":"ministros-de-lula-usam-jatinhos-da-fab-para-ir-a-casamento","status":"publish","type":"post","link":"https:\/\/jornaloalvorada.com.br\/site\/2024\/02\/09\/ministros-de-lula-usam-jatinhos-da-fab-para-ir-a-casamento\/","title":{"rendered":"Ministros de Lula usam jatinhos da FAB para ir a casamento"},"content":{"rendered":"\n<p><div class=\"container\" dir=\"ltr\" lang=\"pt-br\"><div class=\"content\"><div class=\"moz-reader-content reader-show-element\"><div id=\"readability-page-1\" class=\"page\"><div id=\"taboola-read-more\"><p>Ministros de Lula (PT) utilizaram jatinhos da For\u00e7a A\u00e9rea Brasileira  (FAB) para ir ao casamento do presidente do Tribunal de Contas da Uni\u00e3o  (TCU), Bruno Dantas, em S\u00e3o Paulo. A celebra\u00e7\u00e3o ocorreu no \u00faltimo s\u00e1bado  (3), no Centro H\u00edpico de Santo Amaro, na Zona Sul de S\u00e3o Paulo. <\/p><p>Alguns recorreram \u00e0 estrat\u00e9gia chamada de agenda casada para voar  com a FAB, outros foram de carona no avi\u00e3o presidencial e um outro  grupo ousou pedir reembolso das passagens, de acordo com o jornal O  Estado de S\u00e3o Paulo. <ins data-ad-client=\"ca-pub-8410481224814997\" data-ad-slot=\"4942809023\" data-ad-format=\"auto\" data-full-width-responsive=\"true\" data-adsbygoogle-status=\"done\" data-ad-status=\"filled\"> <\/ins> <\/p><p>Dantas casou-se com Camila Camargo, CEO do Grupo Esfera e filha  de Jo\u00e3o Camargo, presidente do conselho da CNN Brasil. Em uma festa para  cerca de 700 pessoas, haviam 13 ministros do governo Lula e diversas  autoridades do Judici\u00e1rio, Legislativo e Executivo, al\u00e9m de empres\u00e1rios  renomados. <\/p><p>Dentre os ministros de Lula, l\u00e1 estavam Geraldo Alckmin  (Desenvolvimento e Ind\u00fastria), Alexandre Padilha (Rela\u00e7\u00f5es  Institucionais), Alexandre Silveira (Minas e Energia), Renan Filho  (Transportes), Carlos F\u00e1varo (Agricultura), Esther Dweck (Gest\u00e3o e  Inova\u00e7\u00e3o), Simone Tebet (Planejamento e Or\u00e7amento), Fernando Haddad  (Fazenda), Jorge Messias (Advocacia-Geral da Uni\u00e3o), Silvio Costa Filho  (Portos e Aeroportos), Jos\u00e9 M\u00facio (Defesa) e Ricardo Lewandowski  (Justi\u00e7a e Seguran\u00e7a P\u00fablica). <\/p><p>Um voo em aeronave da FAB de Bras\u00edlia para S\u00e3o Paulo pode custar R$ 70 mil ao bolso do contribuinte, de acordo com o jornal. <\/p><p>Silvio Costa Filho, Renan Filho, Jorge Messias, Esther Dweck e  Alexandre Silveira teriam pago as passagens com recursos pr\u00f3prios. <\/p><p>Fonte: Pleno News  <\/p><\/div><\/div><\/div><\/div><\/div><\/p>\n","protected":false},"excerpt":{"rendered":"<p>Ministros de Lula (PT) utilizaram jatinhos da For\u00e7a A\u00e9rea Brasileira (FAB) para ir ao casamento do presidente do Tribunal de<\/p>\n","protected":false},"author":1,"featured_media":4864,"comment_status":"open","ping_status":"open","sticky":false,"template":"","format":"standard","meta":{"footnotes":""},"categories":[2],"tags":[],"class_list":["post-4863","post","type-post","status-publish","format-standard","has-post-thumbnail","hentry","category-noticias"],"_links":{"self":[{"href":"https:\/\/jornaloalvorada.com.br\/site\/wp-json\/wp\/v2\/posts\/4863","targetHints":{"allow":["GET"]}}],"collection":[{"href":"https:\/\/jornaloalvorada.com.br\/site\/wp-json\/wp\/v2\/posts"}],"about":[{"href":"https:\/\/jornaloalvorada.com.br\/site\/wp-json\/wp\/v2\/types\/post"}],"author":[{"embeddable":true,"href":"https:\/\/jornaloalvorada.com.br\/site\/wp-json\/wp\/v2\/users\/1"}],"replies":[{"embeddable":true,"href":"https:\/\/jornaloalvorada.com.br\/site\/wp-json\/wp\/v2\/comments?post=4863"}],"version-history":[{"count":1,"href":"https:\/\/jornaloalvorada.com.br\/site\/wp-json\/wp\/v2\/posts\/4863\/revisions"}],"predecessor-version":[{"id":4865,"href":"https:\/\/jornaloalvorada.com.br\/site\/wp-json\/wp\/v2\/posts\/4863\/revisions\/4865"}],"wp:featuredmedia":[{"embeddable":true,"href":"https:\/\/jornaloalvorada.com.br\/site\/wp-json\/wp\/v2\/media\/4864"}],"wp:attachment":[{"href":"https:\/\/jornaloalvorada.com.br\/site\/wp-json\/wp\/v2\/media?parent=4863"}],"wp:term":[{"taxonomy":"category","embeddable":true,"href":"https:\/\/jornaloalvorada.com.br\/site\/wp-json\/wp\/v2\/categories?post=4863"},{"taxonomy":"post_tag","embeddable":true,"href":"https:\/\/jornaloalvorada.com.br\/site\/wp-json\/wp\/v2\/tags?post=4863"}],"curies":[{"name":"wp","href":"https:\/\/api.w.org\/{rel}","templated":true}]}}