{"id":4861,"date":"2024-02-09T13:40:15","date_gmt":"2024-02-09T17:40:15","guid":{"rendered":"https:\/\/jornaloalvorada.com.br\/site\/?p=4861"},"modified":"2024-02-09T13:40:18","modified_gmt":"2024-02-09T17:40:18","slug":"stf-deixa-para-depois-do-carnaval-julgamento-que-pode-anular-eleicao-de-sete-deputados-federais","status":"publish","type":"post","link":"https:\/\/jornaloalvorada.com.br\/site\/2024\/02\/09\/stf-deixa-para-depois-do-carnaval-julgamento-que-pode-anular-eleicao-de-sete-deputados-federais\/","title":{"rendered":"STF deixa para depois do Carnaval julgamento que pode anular elei\u00e7\u00e3o de sete deputados federais"},"content":{"rendered":"\n<p><div class=\"container\" dir=\"ltr\" lang=\"pt-br\"><div class=\"content\"><div class=\"moz-reader-content reader-show-element\"><div id=\"readability-page-1\" class=\"page\"><div id=\"taboola-read-more\"><p>Nesta quinta-feira (08), o Supremo Tribunal Federal (STF) decidiu  adiar o julgamento que pode anular a elei\u00e7\u00e3o de sete deputados federais.  A a\u00e7\u00e3o est\u00e1 parada desde agosto de 2023 por um pedido de vista de Andr\u00e9  Mendon\u00e7a. <\/p><p>Agora, a discuss\u00e3o no STF sobre as a\u00e7\u00f5es que questionam a regra atual de distribui\u00e7\u00e3o das chamadas\u00a0<em>\u201csobras eleitorais\u201d<\/em>\u00a0entre os partidos pol\u00edticos ser\u00e1 retomada no pr\u00f3ximo dia 21. <\/p><p>At\u00e9 o momento, apenas tr\u00eas ministros do STF votaram na a\u00e7\u00e3o e  todos foram favor\u00e1veis a revis\u00e3o das \u201csobras eleitorais\u201d, mas dois deles  abrem diverg\u00eancia do relator, Ricardo Lewandowski, em rela\u00e7\u00e3o ao prazo  de aplica\u00e7\u00e3o da regra. <\/p><p>Lewandowski votou pela amplia\u00e7\u00e3o da participa\u00e7\u00e3o de partidos e candidatos na elei\u00e7\u00e3o proporcional. <\/p><p>O ex-ministro do STF defende que o c\u00e1lculo considere todos os partidos e candidatos na distribui\u00e7\u00e3o das vagas remanescentes. <\/p><p>Por\u00e9m, Lewandowski entendeu que a mudan\u00e7a na interpreta\u00e7\u00e3o deve ser aplicada a partir do julgamento da Corte. <\/p><p>J\u00e1 Alexandre de Moraes e Gilmar Mendes defendem que a aplica\u00e7\u00e3o seja aplicada ao pleito eleitoral de 2022. <\/p><p>Fonte: Gazeta Brasil  <\/p><\/div><\/div><\/div><\/div><\/div><\/p>\n","protected":false},"excerpt":{"rendered":"<p>Nesta quinta-feira (08), o Supremo Tribunal Federal (STF) decidiu adiar o julgamento que pode anular a elei\u00e7\u00e3o de sete deputados<\/p>\n","protected":false},"author":1,"featured_media":2286,"comment_status":"open","ping_status":"open","sticky":false,"template":"","format":"standard","meta":{"footnotes":""},"categories":[2],"tags":[],"class_list":["post-4861","post","type-post","status-publish","format-standard","has-post-thumbnail","hentry","category-noticias"],"_links":{"self":[{"href":"https:\/\/jornaloalvorada.com.br\/site\/wp-json\/wp\/v2\/posts\/4861","targetHints":{"allow":["GET"]}}],"collection":[{"href":"https:\/\/jornaloalvorada.com.br\/site\/wp-json\/wp\/v2\/posts"}],"about":[{"href":"https:\/\/jornaloalvorada.com.br\/site\/wp-json\/wp\/v2\/types\/post"}],"author":[{"embeddable":true,"href":"https:\/\/jornaloalvorada.com.br\/site\/wp-json\/wp\/v2\/users\/1"}],"replies":[{"embeddable":true,"href":"https:\/\/jornaloalvorada.com.br\/site\/wp-json\/wp\/v2\/comments?post=4861"}],"version-history":[{"count":1,"href":"https:\/\/jornaloalvorada.com.br\/site\/wp-json\/wp\/v2\/posts\/4861\/revisions"}],"predecessor-version":[{"id":4862,"href":"https:\/\/jornaloalvorada.com.br\/site\/wp-json\/wp\/v2\/posts\/4861\/revisions\/4862"}],"wp:featuredmedia":[{"embeddable":true,"href":"https:\/\/jornaloalvorada.com.br\/site\/wp-json\/wp\/v2\/media\/2286"}],"wp:attachment":[{"href":"https:\/\/jornaloalvorada.com.br\/site\/wp-json\/wp\/v2\/media?parent=4861"}],"wp:term":[{"taxonomy":"category","embeddable":true,"href":"https:\/\/jornaloalvorada.com.br\/site\/wp-json\/wp\/v2\/categories?post=4861"},{"taxonomy":"post_tag","embeddable":true,"href":"https:\/\/jornaloalvorada.com.br\/site\/wp-json\/wp\/v2\/tags?post=4861"}],"curies":[{"name":"wp","href":"https:\/\/api.w.org\/{rel}","templated":true}]}}