{"id":4857,"date":"2024-02-08T16:25:04","date_gmt":"2024-02-08T20:25:04","guid":{"rendered":"https:\/\/jornaloalvorada.com.br\/site\/?p=4857"},"modified":"2024-02-08T16:25:06","modified_gmt":"2024-02-08T20:25:06","slug":"populacao-precisa-colaborar-80-dos-focos-do-mosquito-da-dengue-estao-em-casas","status":"publish","type":"post","link":"https:\/\/jornaloalvorada.com.br\/site\/2024\/02\/08\/populacao-precisa-colaborar-80-dos-focos-do-mosquito-da-dengue-estao-em-casas\/","title":{"rendered":"Popula\u00e7\u00e3o precisa colaborar: 80% dos focos do mosquito da dengue est\u00e3o em casas"},"content":{"rendered":"\n<p>Governo Estadual, por meio da SES (Secretaria de Estado de <a href=\"https:\/\/www.campograndenews.com.br\/saude\" target=\"_blank\" rel=\"noreferrer noopener\">Sa\u00fade<\/a>), emitiu nesta sexta-feira (8) um alerta sobre o crescente n\u00famero de focos de dengue em Mato Grosso do Sul. Com 80% dos focos do mosquito &#8216;Aedes aegypti&#8217; identificados dentro de casas e pr\u00e9dios residenciais, a&nbsp;SES refor\u00e7a o papel da conscientiza\u00e7\u00e3o e a\u00e7\u00e3o da popula\u00e7\u00e3o para combater a dissemina\u00e7\u00e3o das doen\u00e7as transmitidas pelo vetor.<\/p>\n\n\n\n<p>Dados do boletim epidemiol\u00f3gico, at\u00e9 a quinta semana deste ano, revelam que cerca de 2 mil casos de dengue foram notificados no Estado, com mais de 300 confirmados. Al\u00e9m disso, h\u00e1 652 casos prov\u00e1veis de chikungunya, com 27 confirma\u00e7\u00f5es.<\/p>\n\n\n\n<p>De acordo com o coordenador estadual de controle de vetores da SES, Mauro L\u00facio Ros\u00e1rio, a maioria dos focos de mosquitos est\u00e1 concentrada nas resid\u00eancias. \u201cCaixa d\u2019\u00e1gua, calhas, latinhas, lixo dom\u00e9stico, oriento para que n\u00e3o deixando nenhum lugar com \u00e1gua acumulada. \u00c9 muito importante que neste momento os moradores compreendam a necessidade e mantenham a casa livre de mosquito. Vamos eliminar toda a \u00e1gua parada, assim estaremos eliminando o mosquito e evitando a doen\u00e7a\u201d.<\/p>\n\n\n\n<p>Al\u00e9m disso, a SES mant\u00e9m um Centro de Informa\u00e7\u00f5es Estrat\u00e9gicas em Vigil\u00e2ncia em <a href=\"https:\/\/www.campograndenews.com.br\/saude\" target=\"_blank\" rel=\"noreferrer noopener\">Sa\u00fade<\/a> para orientar os 79 munic\u00edpios do estado sobre os diversos tipos de doen\u00e7as, incluindo dengue e chikungunya.<\/p>\n\n\n\n<p><strong>Medidas de combate &#8211;<\/strong> Em resposta \u00e0 emerg\u00eancia de <a href=\"https:\/\/www.campograndenews.com.br\/saude\" target=\"_blank\" rel=\"noreferrer noopener\">sa\u00fade p\u00fablica<\/a>, a Coordenadoria Estadual de Prote\u00e7\u00e3o e Defesa Civil convocou uma reuni\u00e3o com representantes de \u00f3rg\u00e3os estaduais e institui\u00e7\u00f5es parceiras para intensificar as medidas de combate, controle, preven\u00e7\u00e3o e redu\u00e7\u00e3o das doen\u00e7as transmitidas pelo &#8216;Aedes aegypti&#8217;.<\/p>\n\n\n<div class=\"wp-block-image\">\n<figure class=\"aligncenter is-resized\"><a href=\"https:\/\/cdn6.campograndenews.com.br\/uploads\/noticias\/2024\/02\/08\/69461572c3c7faa86cb901b2f45a00b5d4c39f63.jpg\"><img decoding=\"async\" src=\"https:\/\/cdn6.campograndenews.com.br\/uploads\/noticias\/2024\/02\/08\/hepr5z8v973n.jpg\" alt=\"Participantes durante reuni\u00e3o convocada pela Coordenadoria Estadual de Prote\u00e7\u00e3o e Defesa Civil para discutir aumento de casos de dengue em MS (Foto: Divulga\u00e7\u00e3o)\" style=\"width:622px;height:auto\"\/><\/a><figcaption class=\"wp-element-caption\">Participantes durante reuni\u00e3o convocada pela Coordenadoria Estadual de Prote\u00e7\u00e3o e Defesa Civil para discutir aumento de casos de dengue em MS (Foto: Divulga\u00e7\u00e3o)<\/figcaption><\/figure>\n<\/div>\n\n\n<p>Enquanto estados vizinhos, como Goi\u00e1s, Minas Gerais, Acre e Distrito Federal, decretaram situa\u00e7\u00e3o de emerg\u00eancia, a SES refor\u00e7a a import\u00e2ncia da elimina\u00e7\u00e3o de criadouros do mosquito dentro das casas.<\/p>\n\n\n\n<p>Em todo o Brasil, os n\u00fameros da dengue s\u00e3o alarmantes. O Minist\u00e9rio da <a href=\"https:\/\/www.campograndenews.com.br\/saude\" target=\"_blank\" rel=\"noreferrer noopener\">Sa\u00fade<\/a> registrou 392.724 casos prov\u00e1veis de dengue somente neste ano, com 54 mortes confirmadas e 273 em investiga\u00e7\u00e3o. Minas Gerais lidera os casos, seguido por S\u00e3o Paulo, Distrito Federal, Paran\u00e1 e Rio de Janeiro.<\/p>\n\n\n\n<p><strong><em>Fonte: campograndenews<\/em><\/strong><\/p>\n","protected":false},"excerpt":{"rendered":"<p>Governo Estadual, por meio da SES (Secretaria de Estado de Sa\u00fade), emitiu nesta sexta-feira (8) um alerta sobre o crescente<\/p>\n","protected":false},"author":1,"featured_media":4858,"comment_status":"open","ping_status":"open","sticky":false,"template":"","format":"standard","meta":{"footnotes":""},"categories":[2],"tags":[],"class_list":["post-4857","post","type-post","status-publish","format-standard","has-post-thumbnail","hentry","category-noticias"],"_links":{"self":[{"href":"https:\/\/jornaloalvorada.com.br\/site\/wp-json\/wp\/v2\/posts\/4857","targetHints":{"allow":["GET"]}}],"collection":[{"href":"https:\/\/jornaloalvorada.com.br\/site\/wp-json\/wp\/v2\/posts"}],"about":[{"href":"https:\/\/jornaloalvorada.com.br\/site\/wp-json\/wp\/v2\/types\/post"}],"author":[{"embeddable":true,"href":"https:\/\/jornaloalvorada.com.br\/site\/wp-json\/wp\/v2\/users\/1"}],"replies":[{"embeddable":true,"href":"https:\/\/jornaloalvorada.com.br\/site\/wp-json\/wp\/v2\/comments?post=4857"}],"version-history":[{"count":1,"href":"https:\/\/jornaloalvorada.com.br\/site\/wp-json\/wp\/v2\/posts\/4857\/revisions"}],"predecessor-version":[{"id":4859,"href":"https:\/\/jornaloalvorada.com.br\/site\/wp-json\/wp\/v2\/posts\/4857\/revisions\/4859"}],"wp:featuredmedia":[{"embeddable":true,"href":"https:\/\/jornaloalvorada.com.br\/site\/wp-json\/wp\/v2\/media\/4858"}],"wp:attachment":[{"href":"https:\/\/jornaloalvorada.com.br\/site\/wp-json\/wp\/v2\/media?parent=4857"}],"wp:term":[{"taxonomy":"category","embeddable":true,"href":"https:\/\/jornaloalvorada.com.br\/site\/wp-json\/wp\/v2\/categories?post=4857"},{"taxonomy":"post_tag","embeddable":true,"href":"https:\/\/jornaloalvorada.com.br\/site\/wp-json\/wp\/v2\/tags?post=4857"}],"curies":[{"name":"wp","href":"https:\/\/api.w.org\/{rel}","templated":true}]}}