{"id":4836,"date":"2024-02-07T17:03:17","date_gmt":"2024-02-07T21:03:17","guid":{"rendered":"https:\/\/jornaloalvorada.com.br\/site\/?p=4836"},"modified":"2024-02-07T17:03:20","modified_gmt":"2024-02-07T21:03:20","slug":"luva-de-pedreiro-conhece-papa-francisco-no-vaticano-e-faz-pergunta-inusitada","status":"publish","type":"post","link":"https:\/\/jornaloalvorada.com.br\/site\/2024\/02\/07\/luva-de-pedreiro-conhece-papa-francisco-no-vaticano-e-faz-pergunta-inusitada\/","title":{"rendered":"Luva de Pedreiro conhece Papa Francisco no Vaticano e faz pergunta inusitada"},"content":{"rendered":"\n<p>O influenciador&nbsp;<strong>Luva de Pedreiro<\/strong>&nbsp;registrou em suas redes sociais um encontro inusitado. Nesta quarta-feira (7), ao se encontrar rapidamente com o&nbsp;<strong>Papa Francisco<\/strong>&nbsp;no Vaticano, o jovem pediu pela b\u00ean\u00e7\u00e3o do pont\u00edfice em uma camisa da Sele\u00e7\u00e3o Brasileira.<\/p>\n\n\n\n<p>Luva aproveitou o momento para fazer uma pergunta curiosa ao l\u00edder religioso. \u201cMessi ou Ronaldo?\u201d questionou Luva de Pedreiro. No entanto, a resposta do Santo Padre \u00e9 desconhecida j\u00e1 que o v\u00eddeo \u00e9 encerrado logo ap\u00f3s a pergunta do influenciador.<\/p>\n\n\n\n<p>Papa Francisco, principal autoridade da Igreja Cat\u00f3lica, \u00e9 tamb\u00e9m conhecido por ter&nbsp;uma \u00f3tima rela\u00e7\u00e3o com o mundo do futebol. O pont\u00edfice \u00e9 torcedor assumido do San Lorenzo, da Argentina, e at\u00e9 mesmo j\u00e1 recebeu o elenco e a ta\u00e7a da Copa Libertadores de 2014 no Vaticano.<\/p>\n\n\n\n<p><strong><em>com informa\u00e7\u00f5es da CNN<\/em><\/strong><\/p>\n","protected":false},"excerpt":{"rendered":"<p>O influenciador&nbsp;Luva de Pedreiro&nbsp;registrou em suas redes sociais um encontro inusitado. Nesta quarta-feira (7), ao se encontrar rapidamente com o&nbsp;Papa<\/p>\n","protected":false},"author":1,"featured_media":4837,"comment_status":"open","ping_status":"open","sticky":false,"template":"","format":"standard","meta":{"footnotes":""},"categories":[3],"tags":[],"class_list":["post-4836","post","type-post","status-publish","format-standard","has-post-thumbnail","hentry","category-social"],"_links":{"self":[{"href":"https:\/\/jornaloalvorada.com.br\/site\/wp-json\/wp\/v2\/posts\/4836","targetHints":{"allow":["GET"]}}],"collection":[{"href":"https:\/\/jornaloalvorada.com.br\/site\/wp-json\/wp\/v2\/posts"}],"about":[{"href":"https:\/\/jornaloalvorada.com.br\/site\/wp-json\/wp\/v2\/types\/post"}],"author":[{"embeddable":true,"href":"https:\/\/jornaloalvorada.com.br\/site\/wp-json\/wp\/v2\/users\/1"}],"replies":[{"embeddable":true,"href":"https:\/\/jornaloalvorada.com.br\/site\/wp-json\/wp\/v2\/comments?post=4836"}],"version-history":[{"count":1,"href":"https:\/\/jornaloalvorada.com.br\/site\/wp-json\/wp\/v2\/posts\/4836\/revisions"}],"predecessor-version":[{"id":4838,"href":"https:\/\/jornaloalvorada.com.br\/site\/wp-json\/wp\/v2\/posts\/4836\/revisions\/4838"}],"wp:featuredmedia":[{"embeddable":true,"href":"https:\/\/jornaloalvorada.com.br\/site\/wp-json\/wp\/v2\/media\/4837"}],"wp:attachment":[{"href":"https:\/\/jornaloalvorada.com.br\/site\/wp-json\/wp\/v2\/media?parent=4836"}],"wp:term":[{"taxonomy":"category","embeddable":true,"href":"https:\/\/jornaloalvorada.com.br\/site\/wp-json\/wp\/v2\/categories?post=4836"},{"taxonomy":"post_tag","embeddable":true,"href":"https:\/\/jornaloalvorada.com.br\/site\/wp-json\/wp\/v2\/tags?post=4836"}],"curies":[{"name":"wp","href":"https:\/\/api.w.org\/{rel}","templated":true}]}}