{"id":4830,"date":"2024-02-07T09:03:14","date_gmt":"2024-02-07T13:03:14","guid":{"rendered":"https:\/\/jornaloalvorada.com.br\/site\/?p=4830"},"modified":"2024-02-07T09:03:15","modified_gmt":"2024-02-07T13:03:15","slug":"russia-multiplica-bombardeios-sobre-cidades-ucranianas","status":"publish","type":"post","link":"https:\/\/jornaloalvorada.com.br\/site\/2024\/02\/07\/russia-multiplica-bombardeios-sobre-cidades-ucranianas\/","title":{"rendered":"R\u00fassia multiplica bombardeios sobre cidades ucranianas"},"content":{"rendered":"\n<p>A R\u00fassia lan\u00e7ou v\u00e1rios ataques com m\u00edsseis contra Kiev e outras cidades ucranianas. H\u00e1 relatos de pelo menos uma pessoa morta em Mykola\u00efv, no Sul do pa\u00eds, e de dois mortos na capital ucraniana, onde se encontra o alto representante da Uni\u00e3o Europeia para a Pol\u00edtica Externa, Josep Borrell.<img decoding=\"async\" src=\"https:\/\/agenciabrasil.ebc.com.br\/ebc.png?id=1579812&amp;o=node\"><img decoding=\"async\" src=\"https:\/\/agenciabrasil.ebc.com.br\/ebc.gif?id=1579812&amp;o=node\"><\/p>\n\n\n\n<p>Moscou&nbsp;lan\u00e7ou 44 m\u00edsseis e 20&nbsp;drones&nbsp;durante a manh\u00e3, dois ter\u00e7os dos quais foram \u201cdestru\u00eddos\u201d, segundo o comandante-chefe das For\u00e7as Armadas ucranianas.&nbsp;Desse total de 64 dispositivos, as for\u00e7as ucranianas interceptaram 29 m\u00edsseis de cruzeiro e 15&nbsp;drones, escreveu Valery Zaloujny no Telegram.<\/p>\n\n\n\n<p>Tamb\u00e9m o presidente ucraniano,&nbsp;Volodymyr Zelensky, confirmou o ataque&nbsp;e revelou nas redes sociais que \u201cem Kiev, mais de dez pessoas ficaram feridas. At\u00e9 o momento, sabemos de cerca de dois mortos. Pode haver mais pessoas nos escombros\u201d.<\/p>\n\n\n\n<p>&#8220;Mais um ataque em massa contra o nosso Estado. Seis regi\u00f5es foram alvos do inimigo&#8221;, escreveu Zelensky no X, acrescentando&nbsp;que uma pessoa morreu&nbsp;em Mykola\u00efv (Sul) e pelo menos duas em Kiev, onde o n\u00famero de mortos dever\u00e1 aumentar, uma vez que outras pessoas poder\u00e3o estar debaixo dos escombros.<\/p>\n\n\n\n<p>Em Kiev, onde se registraram v\u00e1rias explos\u00f5es, os alarmes dos sistemas de defesa a\u00e9rea foram ouvidos por volta das 6h (hora local). O ataque, o primeiro no m\u00eas de fevereiro, durou cerca de tr\u00eas horas.&nbsp;Foram tamb\u00e9m sentidas explos\u00f5es em Mykola\u00efv, Lviv, Kharkov e Cherkassi.<\/p>\n\n\n\n<p>O presidente da C\u00e2mara de Kiev, Vitali Klitschko, afirmou que os sistemas de defesa a\u00e9rea estavam ativados e pediu&nbsp;\u00e0&nbsp;popula\u00e7\u00e3o que permane\u00e7a&nbsp;nos abrigos. Mais tarde, revelou que os m\u00e9dicos estavam atendendo&nbsp;v\u00e1rias v\u00edtimas no distrito de Dnipro, na capital.<\/p>\n\n\n\n<p>A maior parte dos ucranianos ignora as sirenes, que soam quase todas as noites em grande parte do pa\u00eds, devido \u00e0 frequ\u00eancia. Usam \u00e0s&nbsp;vezes a chamada &#8220;regra das duas paredes&#8221;, que os aconselha a permanecer em espa\u00e7os sem janelas, mais protegidos do mundo exterior. Uma minoria desce ao metr\u00f4&nbsp;ou para abrigos pr\u00f3ximos.<\/p>\n\n\n\n<p>Segundo Klitschko,&nbsp;duas linhas de alta tens\u00e3o na capital foram danificadas por fragmentos de m\u00edsseis, o que provocou o corte de eletricidade em algumas \u00e1reas.<\/p>\n\n\n\n<p>Seis cidad\u00e3os, incluindo uma mulher gr\u00e1vida, foram hospitalizados ap\u00f3s&nbsp;inc\u00eandio num edif\u00edcio residencial&nbsp;de 18 andares, no bairro de Holosiivskyi, em Kiev. Dois cidad\u00e3os do distrito de Dnipro est\u00e3o tamb\u00e9m internados num hospital da capital e outro recebeu assist\u00eancia m\u00e9dica no local.<\/p>\n\n\n\n<p>Um ataque com m\u00edsseis mais ao sul, em Mykola\u00efv, matou uma pessoa e danificou pelo menos 20 edif\u00edcios residenciais, tendo sido registrados alguns feridos, informou o presidente da C\u00e2mara da cidade, Oleksandr Sienkevych.<\/p>\n\n\n\n<p>&#8220;H\u00e1 edif\u00edcios residenciais danificados. Cerca de 20 deles est\u00e3o sem telhado. Os danos nas redes de abastecimento de g\u00e1s e \u00e1gua j\u00e1 est\u00e3o sendo reparados pelos trabalhadores dos servi\u00e7os p\u00fablicos. H\u00e1 feridos. Uma pessoa foi hospitalizada. Outras foram socorridas no local&#8221;, escreveu no Telegram, antes de acrescentar que o hospital est\u00e1 sendo&nbsp;utilizado para o socorro.<\/p>\n\n\n\n<p>O chefe da Administra\u00e7\u00e3o Militar Regional de Mykola\u00efv, Vitali Kim, disse nas redes sociais que a R\u00fassia atacou a cidade com tr\u00eas&nbsp;drones&nbsp;e m\u00edsseis iranianos Shahed-136\/131. A maior empresa privada de energia da Ucr\u00e2nia, a DTEK, informou&nbsp;que o distrito de Dniprovskyi ficou parcialmente sem eletricidade devido \u00e0 queda de destro\u00e7os de um m\u00edssil russo que danificou algumas linhas de energia.<\/p>\n\n\n\n<p>Oleh Sinehubov, governador da regi\u00e3o de Kharkiv, no Nordeste da Ucr\u00e2nia, disse que os m\u00edsseis russos atingiram infraestruturas n\u00e3o residenciais na cidade de Kharkiv, o centro administrativo da \u00e1rea.<\/p>\n\n\n\n<p>O ataque russo ocorreu durante visita do alto representante da Uni\u00e3o Europeia (UE) para os Neg\u00f3cios Estrangeiros, Josep Borrell, que teve de descer com o resto da delega\u00e7\u00e3o para o piso subterr\u00e2neo que serve de abrigo no hotel de Kiev, onde est\u00e1 instalado.<\/p>\n\n\n\n<p><strong><em>Fonte: Ag\u00eancia Brasil<\/em><\/strong><\/p>\n","protected":false},"excerpt":{"rendered":"<p>A R\u00fassia lan\u00e7ou v\u00e1rios ataques com m\u00edsseis contra Kiev e outras cidades ucranianas. H\u00e1 relatos de pelo menos uma pessoa<\/p>\n","protected":false},"author":1,"featured_media":4831,"comment_status":"open","ping_status":"open","sticky":false,"template":"","format":"standard","meta":{"footnotes":""},"categories":[2],"tags":[],"class_list":["post-4830","post","type-post","status-publish","format-standard","has-post-thumbnail","hentry","category-noticias"],"_links":{"self":[{"href":"https:\/\/jornaloalvorada.com.br\/site\/wp-json\/wp\/v2\/posts\/4830","targetHints":{"allow":["GET"]}}],"collection":[{"href":"https:\/\/jornaloalvorada.com.br\/site\/wp-json\/wp\/v2\/posts"}],"about":[{"href":"https:\/\/jornaloalvorada.com.br\/site\/wp-json\/wp\/v2\/types\/post"}],"author":[{"embeddable":true,"href":"https:\/\/jornaloalvorada.com.br\/site\/wp-json\/wp\/v2\/users\/1"}],"replies":[{"embeddable":true,"href":"https:\/\/jornaloalvorada.com.br\/site\/wp-json\/wp\/v2\/comments?post=4830"}],"version-history":[{"count":1,"href":"https:\/\/jornaloalvorada.com.br\/site\/wp-json\/wp\/v2\/posts\/4830\/revisions"}],"predecessor-version":[{"id":4832,"href":"https:\/\/jornaloalvorada.com.br\/site\/wp-json\/wp\/v2\/posts\/4830\/revisions\/4832"}],"wp:featuredmedia":[{"embeddable":true,"href":"https:\/\/jornaloalvorada.com.br\/site\/wp-json\/wp\/v2\/media\/4831"}],"wp:attachment":[{"href":"https:\/\/jornaloalvorada.com.br\/site\/wp-json\/wp\/v2\/media?parent=4830"}],"wp:term":[{"taxonomy":"category","embeddable":true,"href":"https:\/\/jornaloalvorada.com.br\/site\/wp-json\/wp\/v2\/categories?post=4830"},{"taxonomy":"post_tag","embeddable":true,"href":"https:\/\/jornaloalvorada.com.br\/site\/wp-json\/wp\/v2\/tags?post=4830"}],"curies":[{"name":"wp","href":"https:\/\/api.w.org\/{rel}","templated":true}]}}