{"id":4819,"date":"2024-02-06T16:01:55","date_gmt":"2024-02-06T20:01:55","guid":{"rendered":"https:\/\/jornaloalvorada.com.br\/site\/?p=4819"},"modified":"2024-02-06T16:01:58","modified_gmt":"2024-02-06T20:01:58","slug":"rio-decreta-estado-de-emergencia-na-saude-publica-e-vive-drama-por-causa-da-dengue-preocupacao-intensa","status":"publish","type":"post","link":"https:\/\/jornaloalvorada.com.br\/site\/2024\/02\/06\/rio-decreta-estado-de-emergencia-na-saude-publica-e-vive-drama-por-causa-da-dengue-preocupacao-intensa\/","title":{"rendered":"Rio decreta estado de emerg\u00eancia na sa\u00fade p\u00fablica e vive drama por causa da dengue: \u201cPreocupa\u00e7\u00e3o intensa\u201d"},"content":{"rendered":"\n<p>O prefeito do Rio de Janeiro, Eduardo Paes (PSD), anunciou a declara\u00e7\u00e3o de estado de emerg\u00eancia na sa\u00fade p\u00fablica devido \u00e0 epidemia de dengue que est\u00e1 afetando a cidade. A decis\u00e3o foi oficializada em uma publica\u00e7\u00e3o no Di\u00e1rio Oficial desta segunda-feira (5), considerando o expressivo aumento de casos e hospitaliza\u00e7\u00f5es na capital como justificativa para a ado\u00e7\u00e3o dessa medida.<\/p>\n\n\n\n<p>Na \u00faltima sexta-feira (2), o secret\u00e1rio municipal de sa\u00fade, Daniel Soranz, confirmou a exist\u00eancia de uma epidemia da doen\u00e7a no Rio. Somente no m\u00eas de janeiro, a rede de sa\u00fade da prefeitura registrou um recorde de 362 pessoas internadas devido \u00e0 dengue, o maior n\u00famero desde 2008.<\/p>\n\n\n\n<p>Conforme dados do painel do Observat\u00f3rio Epidemiol\u00f3gico da prefeitura carioca, 11.202 casos j\u00e1 foram registrados em 2024. Durante todo o ano de 2023, foram 22.959 casos. \u201cEm um \u00fanico m\u00eas de 2024 n\u00f3s j\u00e1 temos quase a metade dos casos de todo o ano anterior, o que gera uma preocupa\u00e7\u00e3o intensa\u201c, afirmou o secret\u00e1rio Soranz.<\/p>\n\n\n\n<p>Segundo informa\u00e7\u00f5es da prefeitura, a conjun\u00e7\u00e3o de elevadas temperaturas, chuvas frequentes e a circula\u00e7\u00e3o de tr\u00eas sorotipos da doen\u00e7a cria um ambiente prop\u00edcio para o aumento de casos de dengue na cidade. A zona oeste, especialmente em \u00e1reas como Campo Grande, Sant\u00edssimo, Guaratiba, Santa Cruz, Paci\u00eancia e Sepetiba, apresenta as mais altas taxas de incid\u00eancia da doen\u00e7a.<\/p>\n\n\n\n<p>Nesta segunda-feira, a prefeitura inaugura o primeiro centro de atendimento dedicado a pacientes com dengue, localizado no Centro Municipal de Sa\u00fade Raphael de Paula Souza, em Curicica, na zona oeste. A instala\u00e7\u00e3o de um total de dez centros, distribu\u00eddos por todas as regi\u00f5es da cidade, est\u00e1 planejada para combater a propaga\u00e7\u00e3o da doen\u00e7a. A abertura gradativa dos centros ocorrer\u00e1 de acordo com o aumento do n\u00famero de casos.<\/p>\n\n\n\n<p>A Secretaria Municipal de Sa\u00fade anuncia o in\u00edcio da vacina\u00e7\u00e3o contra a dengue para crian\u00e7as e adolescentes de 10 a 14 anos no munic\u00edpio do Rio, assim que os imunizantes forem autorizados pelo Minist\u00e9rio da Sa\u00fade. A previs\u00e3o \u00e9 que, em uma semana, toda a popula\u00e7\u00e3o-alvo, composta por 354 mil indiv\u00edduos, esteja vacinada.<\/p>\n\n\n\n<p><em><strong>Com informa\u00e7\u00f5es de CNN Brasil<\/strong><\/em><\/p>\n","protected":false},"excerpt":{"rendered":"<p>O prefeito do Rio de Janeiro, Eduardo Paes (PSD), anunciou a declara\u00e7\u00e3o de estado de emerg\u00eancia na sa\u00fade p\u00fablica devido<\/p>\n","protected":false},"author":1,"featured_media":4820,"comment_status":"open","ping_status":"open","sticky":false,"template":"","format":"standard","meta":{"footnotes":""},"categories":[2],"tags":[],"class_list":["post-4819","post","type-post","status-publish","format-standard","has-post-thumbnail","hentry","category-noticias"],"_links":{"self":[{"href":"https:\/\/jornaloalvorada.com.br\/site\/wp-json\/wp\/v2\/posts\/4819","targetHints":{"allow":["GET"]}}],"collection":[{"href":"https:\/\/jornaloalvorada.com.br\/site\/wp-json\/wp\/v2\/posts"}],"about":[{"href":"https:\/\/jornaloalvorada.com.br\/site\/wp-json\/wp\/v2\/types\/post"}],"author":[{"embeddable":true,"href":"https:\/\/jornaloalvorada.com.br\/site\/wp-json\/wp\/v2\/users\/1"}],"replies":[{"embeddable":true,"href":"https:\/\/jornaloalvorada.com.br\/site\/wp-json\/wp\/v2\/comments?post=4819"}],"version-history":[{"count":1,"href":"https:\/\/jornaloalvorada.com.br\/site\/wp-json\/wp\/v2\/posts\/4819\/revisions"}],"predecessor-version":[{"id":4821,"href":"https:\/\/jornaloalvorada.com.br\/site\/wp-json\/wp\/v2\/posts\/4819\/revisions\/4821"}],"wp:featuredmedia":[{"embeddable":true,"href":"https:\/\/jornaloalvorada.com.br\/site\/wp-json\/wp\/v2\/media\/4820"}],"wp:attachment":[{"href":"https:\/\/jornaloalvorada.com.br\/site\/wp-json\/wp\/v2\/media?parent=4819"}],"wp:term":[{"taxonomy":"category","embeddable":true,"href":"https:\/\/jornaloalvorada.com.br\/site\/wp-json\/wp\/v2\/categories?post=4819"},{"taxonomy":"post_tag","embeddable":true,"href":"https:\/\/jornaloalvorada.com.br\/site\/wp-json\/wp\/v2\/tags?post=4819"}],"curies":[{"name":"wp","href":"https:\/\/api.w.org\/{rel}","templated":true}]}}