{"id":4816,"date":"2024-02-06T13:37:38","date_gmt":"2024-02-06T17:37:38","guid":{"rendered":"https:\/\/jornaloalvorada.com.br\/site\/?p=4816"},"modified":"2024-02-06T13:37:42","modified_gmt":"2024-02-06T17:37:42","slug":"domo-de-calor-massa-de-ar-vinda-da-argentina-eleva-temperatura-no-brasil","status":"publish","type":"post","link":"https:\/\/jornaloalvorada.com.br\/site\/2024\/02\/06\/domo-de-calor-massa-de-ar-vinda-da-argentina-eleva-temperatura-no-brasil\/","title":{"rendered":"Domo de calor: Massa de ar vinda da Argentina eleva temperatura no Brasil"},"content":{"rendered":"\n<p>A massa de calor que atinge a Argentina, descrita por especialistas  como \u201cdomo de calor\u201d, deve se intensificar e avan\u00e7ar por cidades  brasileiras ao longo dos pr\u00f3ximos dias, especialmente na regi\u00e3o Sul do  pa\u00eds, segundo previs\u00e3o divulgada pela MetSul Meteorologia. Como reflexo  disso, as temperaturas m\u00e1ximas devem ficar perto ou at\u00e9 acima dos 40\u00baC  em munic\u00edpios ga\u00fachos. A MetSul afirma que o fen\u00f4meno j\u00e1 afeta o Rio Grande do Sul desde  a metade da semana passada, mas deve se prolongar por um \u201cextenso  per\u00edodo\u201d.<\/p>\n\n\n\n<p>Os pr\u00f3ximos dias devem ser marcados por temperaturas altas e  acima das m\u00e9dias hist\u00f3ricas, caracterizando calor excessivo em diversas  regi\u00f5es ga\u00fachas. A Argentina completa mais de dez dias seguidos com  marcas acima de 40\u00baC. Neste domingo (4), o Rio Grande do Sul enfrentou mais um dia de temperaturas muito altas com calor excessivo no oeste do estado. \u2013 Um combo de calor\u00e3o, abafamento, chuva e temporais isolados.  <\/p>\n\n\n\n<p>Foi o segundo dia consecutivo em que as m\u00e1ximas oficiais no estado  ficaram perto dos 40\u00baC em cidades mais a oeste do territ\u00f3rio ga\u00facho em  jornada que foi marcada tamb\u00e9m pelo abafamento com o aumento das nuvens e  chuva em diversas regi\u00f5es \u2013 acrescentou a empresa de meteorologia. De acordo com dados de esta\u00e7\u00f5es oficiais, a m\u00e1xima no domingo foi de 39,4\u00baC em Uruguaiana, conforme divulgou a MetSul. No \u00faltimo s\u00e1bado (3), por exemplo, o Rio Grande do Sul registrou  as maiores temperaturas at\u00e9 agora durante a onda de calor.<\/p>\n\n\n\n<p>De acordo com  dados de esta\u00e7\u00f5es oficiais do Instituto Nacional de Meteorologia  (Inmet) levantados pela Metsul, as m\u00e1ximas mais altas foram registradas  no oeste do estado. Conforme o Inmet, o calor foi forte tamb\u00e9m em cidades localizadas  na regi\u00e3o central do estado, na Grande Porto Alegre e nos vales. As  esta\u00e7\u00f5es oficiais indicaram m\u00e1ximas de 36,2\u00baC em Santa Maria; 36,1\u00baC em  Campo Bom; e 36\u00baC em Rio Pardo. Em Porto Alegre, a m\u00e1xima chegou a 35\u00baC.  Cidades no centro-oeste do estado tamb\u00e9m devem ser afetadas.<\/p>\n\n\n\n<p>O Rio Grande do Sul est\u00e1 sob efeito de uma grande massa de ar  quente que cobre a Argentina com domo de calor no pa\u00eds vizinho, o que  faz com que a temperatura em v\u00e1rias prov\u00edncias argentinas supere os 40\u00baC  dia ap\u00f3s dia. A Argentina completa mais de dez dias seguidos com marcas  acima de 40\u00baC \u2013 afirma a MetSul. <\/p>\n\n\n\n<p><strong>COMO FICAM OS PR\u00d3XIMOS DIAS?<\/strong> <\/p>\n\n\n\n<p>A perspectiva \u00e9 de calor a semana inteira no Rio Grande do  Sul, de acordo com o progn\u00f3stico da MetSul. A segunda metade desta  semana e o per\u00edodo inicial do carnaval devem ter dias de calor muito  intenso e, em algumas localidades, at\u00e9 extremo. Os dias mais quentes tendem a ser a pr\u00f3xima sexta-feira (9) e o  pr\u00f3ximo s\u00e1bado (10), quando as m\u00e1ximas pr\u00f3ximas ou acima de 40\u00baC devem  ser observadas em grande n\u00famero de munic\u00edpios (inclusive Porto Alegre e a  Regi\u00e3o Metropolitana), mas j\u00e1 nos dias anteriores se espera muito  calor, com m\u00e1ximas acima de 35\u00baC em diversas cidades, em especial da  regi\u00e3o oeste do estado. <\/p>\n\n\n\n<p><strong>O QUE \u00c9 O DOMO DE CALOR?<\/strong> <\/p>\n\n\n\n<p>O \u201cdomo de calor\u201d, tamb\u00e9m conhecido como bolha de calor,  ocorre quando uma \u00e1rea de alta press\u00e3o permanece sobre a mesma regi\u00e3o  por dias ou at\u00e9 semanas, prendendo ar muito quente por baixo. As massas de ar quente se expandem verticalmente na atmosfera,  criando uma c\u00fapula de alta press\u00e3o que desvia os sistemas meteorol\u00f3gicos  \u2013 como frentes frias \u2013 ao seu redor. \u00c0 medida que o sistema de alta press\u00e3o se instala em determinada  regi\u00e3o, o ar abaixo aquece a atmosfera e dissipa a cobertura de nuvens. O  alto \u00e2ngulo do sol de ver\u00e3o combinado com o c\u00e9u claro ou de poucas  nuvens aquece ainda mais o solo.<\/p>\n\n\n\n<p><em><strong>Fonte: di\u00e1riodobrasilnot\u00edcias<\/strong><\/em><\/p>\n","protected":false},"excerpt":{"rendered":"<p>A massa de calor que atinge a Argentina, descrita por especialistas como \u201cdomo de calor\u201d, deve se intensificar e avan\u00e7ar<\/p>\n","protected":false},"author":1,"featured_media":4817,"comment_status":"open","ping_status":"open","sticky":false,"template":"","format":"standard","meta":{"footnotes":""},"categories":[2],"tags":[],"class_list":["post-4816","post","type-post","status-publish","format-standard","has-post-thumbnail","hentry","category-noticias"],"_links":{"self":[{"href":"https:\/\/jornaloalvorada.com.br\/site\/wp-json\/wp\/v2\/posts\/4816","targetHints":{"allow":["GET"]}}],"collection":[{"href":"https:\/\/jornaloalvorada.com.br\/site\/wp-json\/wp\/v2\/posts"}],"about":[{"href":"https:\/\/jornaloalvorada.com.br\/site\/wp-json\/wp\/v2\/types\/post"}],"author":[{"embeddable":true,"href":"https:\/\/jornaloalvorada.com.br\/site\/wp-json\/wp\/v2\/users\/1"}],"replies":[{"embeddable":true,"href":"https:\/\/jornaloalvorada.com.br\/site\/wp-json\/wp\/v2\/comments?post=4816"}],"version-history":[{"count":1,"href":"https:\/\/jornaloalvorada.com.br\/site\/wp-json\/wp\/v2\/posts\/4816\/revisions"}],"predecessor-version":[{"id":4818,"href":"https:\/\/jornaloalvorada.com.br\/site\/wp-json\/wp\/v2\/posts\/4816\/revisions\/4818"}],"wp:featuredmedia":[{"embeddable":true,"href":"https:\/\/jornaloalvorada.com.br\/site\/wp-json\/wp\/v2\/media\/4817"}],"wp:attachment":[{"href":"https:\/\/jornaloalvorada.com.br\/site\/wp-json\/wp\/v2\/media?parent=4816"}],"wp:term":[{"taxonomy":"category","embeddable":true,"href":"https:\/\/jornaloalvorada.com.br\/site\/wp-json\/wp\/v2\/categories?post=4816"},{"taxonomy":"post_tag","embeddable":true,"href":"https:\/\/jornaloalvorada.com.br\/site\/wp-json\/wp\/v2\/tags?post=4816"}],"curies":[{"name":"wp","href":"https:\/\/api.w.org\/{rel}","templated":true}]}}