{"id":4808,"date":"2024-02-05T14:09:09","date_gmt":"2024-02-05T18:09:09","guid":{"rendered":"https:\/\/jornaloalvorada.com.br\/site\/?p=4808"},"modified":"2024-02-05T14:09:12","modified_gmt":"2024-02-05T18:09:12","slug":"consulta-sobre-valores-do-pis-pasep-acaba-de-ser-liberada-pelo-governo-veja-calendario","status":"publish","type":"post","link":"https:\/\/jornaloalvorada.com.br\/site\/2024\/02\/05\/consulta-sobre-valores-do-pis-pasep-acaba-de-ser-liberada-pelo-governo-veja-calendario\/","title":{"rendered":"Consulta sobre valores do PIS\/Pasep acaba de ser liberada pelo governo; VEJA CALEND\u00c1RIO"},"content":{"rendered":"\n<p>A partir desta segunda-feira (9\/2), trabalhadores da iniciativa privada e de \u00f3rg\u00e3os p\u00fablicos podem verificar se t\u00eam direito ao abono do PIS\/Pasep de 2024, bem como conferir os valores a receber. A consulta est\u00e1 dispon\u00edvel no aplicativo da Carteira Digital ou no portal Gov.br. Al\u00e9m disso, \u00e9 poss\u00edvel verificar se h\u00e1 valores a receber de anos anteriores.<\/p>\n\n\n\n<p>Em dezembro, o governo divulgou o calend\u00e1rio de pagamentos do abono do PIS\/Pasep para 2024, destinado a trabalhadores que tiveram registro de atividade remunerada durante o ano de 2022. Os pagamentos ocorrer\u00e3o no per\u00edodo de 15 de fevereiro a 27 de dezembro do pr\u00f3ximo ano.<\/p>\n\n\n\n<p>A decis\u00e3o do Conselho Deliberativo do Fundo de Amparo ao Trabalhador (Codefat), respons\u00e1vel por deliberar sobre o benef\u00edcio, estima que 24,5 milh\u00f5es de trabalhadores ter\u00e3o direito a algum saque em 2024, totalizando um disp\u00eandio de R$ 23,9 bilh\u00f5es.<\/p>\n\n\n\n<p>O abono salarial ser\u00e1 concedido aos trabalhadores de empresas privadas, vinculados ao PIS, por meio da Caixa Econ\u00f4mica Federal, e aos servidores p\u00fablicos, vinculados ao Pasep, pelo Banco do Brasil.<\/p>\n\n\n\n<p>Veja abaixo o calend\u00e1rio de pagamentos do PIS\/Pasep de 2024:<\/p>\n\n\n\n<p><strong>PIS, para trabalhadores de empresas privadas<\/strong><\/p>\n\n\n\n<ul class=\"wp-block-list\">\n<li>Nascidos em janeiro: 15\/2\/2024;<\/li>\n\n\n\n<li>Nascidos em fevereiro: 15\/3\/2024;<\/li>\n\n\n\n<li>Nascidos em mar\u00e7o e abril: 15\/4\/2024;<\/li>\n\n\n\n<li>Nascidos em maio e junho: 15\/5\/2024;<\/li>\n\n\n\n<li>Nascidos em julho e agosto: 17\/6\/2024;<\/li>\n\n\n\n<li>Nascidos em setembro e outubro: 15\/7\/2024;<\/li>\n\n\n\n<li>Nascidos em novembro e dezembro: 17\/8\/2024;<\/li>\n<\/ul>\n\n\n\n<p><strong>Pasep, para quem trabalhou em empresas p\u00fablicas<\/strong><\/p>\n\n\n\n<ul class=\"wp-block-list\">\n<li>Final da inscri\u00e7\u00e3o 0: 15\/2\/2024;<\/li>\n\n\n\n<li>Final da inscri\u00e7\u00e3o 1: 15\/3\/2024;<\/li>\n\n\n\n<li>Final da inscri\u00e7\u00e3o 2 e 3: 15\/4\/2024;<\/li>\n\n\n\n<li>Final da inscri\u00e7\u00e3o 4 e 5:\u2002 15\/5\/2024;<\/li>\n\n\n\n<li>Final da inscri\u00e7\u00e3o 6 e 7: 17\/6\/2024;<\/li>\n\n\n\n<li>Final da inscri\u00e7\u00e3o 8: 15\/7\/2024;<\/li>\n\n\n\n<li>Final da inscri\u00e7\u00e3o 9: 17\/8\/2024.<\/li>\n<\/ul>\n\n\n\n<p>A partir do dia 5 de fevereiro de 2024, ser\u00e1 poss\u00edvel verificar as informa\u00e7\u00f5es acerca dos trabalhadores eleg\u00edveis para o Abono Salarial, bem como aqueles que n\u00e3o t\u00eam direito a esse benef\u00edcio. Essa consulta poder\u00e1 ser realizada tanto na carteira de trabalho digital quanto no portal Gov.br.<\/p>\n\n\n\n<h4 class=\"wp-block-heading\">Quem pode sacar<\/h4>\n\n\n\n<p>O abono \u00e9 concedido aos trabalhadores que:<\/p>\n\n\n\n<ul class=\"wp-block-list\">\n<li>Estar cadastrado no programa PIS\/Pasep ou no CNIS (data do primeiro emprego) h\u00e1 pelo menos cinco anos;<\/li>\n\n\n\n<li>Ter trabalhado para empregadores que contribuem para o Programa de Integra\u00e7\u00e3o Social (PIS) ou para o Programa de Forma\u00e7\u00e3o do Patrim\u00f4nio do Servidor P\u00fablico (Pseo)<\/li>\n\n\n\n<li>Ter recebido at\u00e9 2 (dois) sal\u00e1rios-m\u00ednimos m\u00e9dios de remunera\u00e7\u00e3o mensal no per\u00edodo trabalhado.<\/li>\n\n\n\n<li>Ter exercido atividade remunerada, durante pelo menos 30 dias, consecutivos ou n\u00e3o, no ano-base considerado para apura\u00e7\u00e3o;<\/li>\n\n\n\n<li>Ter seus dados informados pelo empregador (Pessoa Jur\u00eddica\/Governo) corretamente na Rela\u00e7\u00e3o Anual de Informa\u00e7\u00f5es Sociais (RAIS) ou no eSocial do ano-base considerado para apura\u00e7\u00e3o.<\/li>\n<\/ul>\n\n\n\n<h4 class=\"wp-block-heading\">Qual o valor?<\/h4>\n\n\n\n<p>O valor corresponde ao valor do sal\u00e1rio-m\u00ednimo dividido por 12 e multiplicado pela quantidade de meses trabalhados no ano-base.<\/p>\n\n\n\n<p><em><strong>Com informa\u00e7\u00f5es da Ag\u00eancia Brasil\/Metr\u00f3poles<\/strong><\/em><\/p>\n","protected":false},"excerpt":{"rendered":"<p>A partir desta segunda-feira (9\/2), trabalhadores da iniciativa privada e de \u00f3rg\u00e3os p\u00fablicos podem verificar se t\u00eam direito ao abono<\/p>\n","protected":false},"author":1,"featured_media":708,"comment_status":"open","ping_status":"open","sticky":false,"template":"","format":"standard","meta":{"footnotes":""},"categories":[2],"tags":[],"class_list":["post-4808","post","type-post","status-publish","format-standard","has-post-thumbnail","hentry","category-noticias"],"_links":{"self":[{"href":"https:\/\/jornaloalvorada.com.br\/site\/wp-json\/wp\/v2\/posts\/4808","targetHints":{"allow":["GET"]}}],"collection":[{"href":"https:\/\/jornaloalvorada.com.br\/site\/wp-json\/wp\/v2\/posts"}],"about":[{"href":"https:\/\/jornaloalvorada.com.br\/site\/wp-json\/wp\/v2\/types\/post"}],"author":[{"embeddable":true,"href":"https:\/\/jornaloalvorada.com.br\/site\/wp-json\/wp\/v2\/users\/1"}],"replies":[{"embeddable":true,"href":"https:\/\/jornaloalvorada.com.br\/site\/wp-json\/wp\/v2\/comments?post=4808"}],"version-history":[{"count":1,"href":"https:\/\/jornaloalvorada.com.br\/site\/wp-json\/wp\/v2\/posts\/4808\/revisions"}],"predecessor-version":[{"id":4809,"href":"https:\/\/jornaloalvorada.com.br\/site\/wp-json\/wp\/v2\/posts\/4808\/revisions\/4809"}],"wp:featuredmedia":[{"embeddable":true,"href":"https:\/\/jornaloalvorada.com.br\/site\/wp-json\/wp\/v2\/media\/708"}],"wp:attachment":[{"href":"https:\/\/jornaloalvorada.com.br\/site\/wp-json\/wp\/v2\/media?parent=4808"}],"wp:term":[{"taxonomy":"category","embeddable":true,"href":"https:\/\/jornaloalvorada.com.br\/site\/wp-json\/wp\/v2\/categories?post=4808"},{"taxonomy":"post_tag","embeddable":true,"href":"https:\/\/jornaloalvorada.com.br\/site\/wp-json\/wp\/v2\/tags?post=4808"}],"curies":[{"name":"wp","href":"https:\/\/api.w.org\/{rel}","templated":true}]}}