{"id":4792,"date":"2024-02-05T08:19:01","date_gmt":"2024-02-05T12:19:01","guid":{"rendered":"https:\/\/jornaloalvorada.com.br\/site\/?p=4792"},"modified":"2024-02-05T08:19:04","modified_gmt":"2024-02-05T12:19:04","slug":"calor-e-umidade-podem-provocar-chuvas-mas-ms-deve-registrar-altas-temperaturas","status":"publish","type":"post","link":"https:\/\/jornaloalvorada.com.br\/site\/2024\/02\/05\/calor-e-umidade-podem-provocar-chuvas-mas-ms-deve-registrar-altas-temperaturas\/","title":{"rendered":"Calor e umidade podem provocar chuvas, mas MS deve registrar altas temperaturas"},"content":{"rendered":"\n<p>Mato Grosso do Sul come\u00e7a a semana com previs\u00e3o de tempo com sol e varia\u00e7\u00e3o de nebulosidade, por\u00e9m devido a combina\u00e7\u00e3o de calor e umidade, s\u00e3o esperadas pancadas de chuvas t\u00edpicas de ver\u00e3o.<\/p>\n\n\n\n<p>&#8220;Onde chove em uma cidade ou bairro e na cidade ou bairro vizinho, n\u00e3o passa de aumento de nebulosidade&#8221;, explica a meteorologista e a coordenadora do Cemtec (Centro de Monitoramento do Tempo e do Clima), vinculado \u00e0 Semadesc (Secretaria de Estado de Meio Ambiente, Desenvolvimento, Ci\u00eancia, Tecnologia e Inova\u00e7\u00e3o), Valesca Fernandes.<\/p>\n\n\n\n<p>Pontualmente pode ocorrer chuvas intensas, tempestades acompanhadas de raios e rajadas de vento. &#8220;Essas instabilidades atmosf\u00e9ricas ocorrem devido ao aquecimento diurno e a disponibilidade de umidade&#8221;, disse Fernandes.<\/p>\n\n\n\n<p>O destaque para o per\u00edodo, entre esta segunda-feira (5) e quinta-feira (8), \u00e9 que as chuvas com maior probabilidade devem ocorrer nas regi\u00f5es Centro, Norte, Bols\u00e3o e Pantaneira. Enquanto as regi\u00f5es Sul, Sudeste e Sudoeste do Estado devem enfrentar altas temperaturas que podem atingir os 38\u00b0C, e baixos valores de umidade relativa do ar entre 20% a 45% devido a atua\u00e7\u00e3o de uma circula\u00e7\u00e3o anticicl\u00f4nica, e mesmo assim, n\u00e3o est\u00e3o descartadas pancadas de chuvas e tempestades isoladas.<\/p>\n\n\n\n<p>Nas nas regi\u00f5es Sul e Leste est\u00e3o previstas temperaturas m\u00ednimas entre 21\u00b0C a 24\u00b0C e m\u00e1ximas de at\u00e9 38\u00b0C. Para as regi\u00f5es Norte, Bols\u00e3o e Pantaneira as m\u00ednimas devem ser entre 21\u00b0C e 24\u00b0C e a m\u00e1xima de at\u00e9 34\u00b0C. Para a regi\u00e3o Sudoeste as m\u00ednimas ficam entre 25\u00b0C e 26\u00b0C e m\u00e1xima de at\u00e9 38\u00b0C.<\/p>\n\n\n\n<p>Em Campo Grande s\u00e3o esperadas temperaturas m\u00ednimas entre 21\u00b0C a 22\u00b0C e m\u00e1ximas de at\u00e9 32\u00b0C. Os ventos atuam entre o quadrante Norte e Leste com valores entre 30 km\/h e 50 km\/h e pontualmente podem ocorrer rajadas de vento acima de 50 km\/h.<\/p>\n\n\n\n<p><em>Comunica\u00e7\u00e3o Governo de MS<\/em><br><em>Foto: Saul Schramm<\/em><\/p>\n","protected":false},"excerpt":{"rendered":"<p>Mato Grosso do Sul come\u00e7a a semana com previs\u00e3o de tempo com sol e varia\u00e7\u00e3o de nebulosidade, por\u00e9m devido a<\/p>\n","protected":false},"author":1,"featured_media":4793,"comment_status":"open","ping_status":"open","sticky":false,"template":"","format":"standard","meta":{"footnotes":""},"categories":[2],"tags":[],"class_list":["post-4792","post","type-post","status-publish","format-standard","has-post-thumbnail","hentry","category-noticias"],"_links":{"self":[{"href":"https:\/\/jornaloalvorada.com.br\/site\/wp-json\/wp\/v2\/posts\/4792","targetHints":{"allow":["GET"]}}],"collection":[{"href":"https:\/\/jornaloalvorada.com.br\/site\/wp-json\/wp\/v2\/posts"}],"about":[{"href":"https:\/\/jornaloalvorada.com.br\/site\/wp-json\/wp\/v2\/types\/post"}],"author":[{"embeddable":true,"href":"https:\/\/jornaloalvorada.com.br\/site\/wp-json\/wp\/v2\/users\/1"}],"replies":[{"embeddable":true,"href":"https:\/\/jornaloalvorada.com.br\/site\/wp-json\/wp\/v2\/comments?post=4792"}],"version-history":[{"count":1,"href":"https:\/\/jornaloalvorada.com.br\/site\/wp-json\/wp\/v2\/posts\/4792\/revisions"}],"predecessor-version":[{"id":4794,"href":"https:\/\/jornaloalvorada.com.br\/site\/wp-json\/wp\/v2\/posts\/4792\/revisions\/4794"}],"wp:featuredmedia":[{"embeddable":true,"href":"https:\/\/jornaloalvorada.com.br\/site\/wp-json\/wp\/v2\/media\/4793"}],"wp:attachment":[{"href":"https:\/\/jornaloalvorada.com.br\/site\/wp-json\/wp\/v2\/media?parent=4792"}],"wp:term":[{"taxonomy":"category","embeddable":true,"href":"https:\/\/jornaloalvorada.com.br\/site\/wp-json\/wp\/v2\/categories?post=4792"},{"taxonomy":"post_tag","embeddable":true,"href":"https:\/\/jornaloalvorada.com.br\/site\/wp-json\/wp\/v2\/tags?post=4792"}],"curies":[{"name":"wp","href":"https:\/\/api.w.org\/{rel}","templated":true}]}}