{"id":4788,"date":"2024-02-01T18:32:15","date_gmt":"2024-02-01T22:32:15","guid":{"rendered":"https:\/\/jornaloalvorada.com.br\/site\/?p=4788"},"modified":"2024-02-01T18:32:17","modified_gmt":"2024-02-01T22:32:17","slug":"apos-5-anos-de-dedicacao-padre-genuir-recebe-nova-missao-e-se-despede-da-paroquia-sao-cristovao","status":"publish","type":"post","link":"https:\/\/jornaloalvorada.com.br\/site\/2024\/02\/01\/apos-5-anos-de-dedicacao-padre-genuir-recebe-nova-missao-e-se-despede-da-paroquia-sao-cristovao\/","title":{"rendered":"Ap\u00f3s 5 anos de dedica\u00e7\u00e3o, padre Genuir recebe nova miss\u00e3o e se despede da Par\u00f3quia S\u00e3o Crist\u00f3v\u00e3o"},"content":{"rendered":"\n<p>Hoje \u00e9 dia de parabenizar e desejar uma boa sorte ao nosso querido padre Genuir, que ap\u00f3s 5 anos dedicados como p\u00e1roco na Par\u00f3quia S\u00e3o Crist\u00f3v\u00e3o, recebeu uma nova miss\u00e3o na cidade de Coronel Vivida-PR.<\/p>\n\n\n\n<p>Durante todo esse tempo, al\u00e9m de exercer com zelo e dedica\u00e7\u00e3o suas responsabilidades como ministro crist\u00e3o, o padre Genuir construiu uma linda amizade com todos n\u00f3s. Sua presen\u00e7a foi marcante, e sua contribui\u00e7\u00e3o para a evangeliza\u00e7\u00e3o em nossa cidade \u00e9 digna de profundo reconhecimento.<\/p>\n\n\n\n<p>Agrade\u00e7o de cora\u00e7\u00e3o ao padre Genuir por tudo que fez e pela amizade que constru\u00edmos ao longo desses anos. Seu trabalho incans\u00e1vel e sua dedica\u00e7\u00e3o deixam um legado valioso para todos n\u00f3s.<\/p>\n\n\n\n<p>Ao padre Genuir, enviamos nossas mais sinceras b\u00ean\u00e7\u00e3os e votos de sucesso em sua nova miss\u00e3o. Que Deus continue iluminando seus passos e aben\u00e7oando o caminho que ele escolheu seguir.<\/p>\n","protected":false},"excerpt":{"rendered":"<p>Hoje \u00e9 dia de parabenizar e desejar uma boa sorte ao nosso querido padre Genuir, que ap\u00f3s 5 anos dedicados<\/p>\n","protected":false},"author":1,"featured_media":4789,"comment_status":"open","ping_status":"open","sticky":false,"template":"","format":"standard","meta":{"footnotes":""},"categories":[3],"tags":[],"class_list":["post-4788","post","type-post","status-publish","format-standard","has-post-thumbnail","hentry","category-social"],"_links":{"self":[{"href":"https:\/\/jornaloalvorada.com.br\/site\/wp-json\/wp\/v2\/posts\/4788","targetHints":{"allow":["GET"]}}],"collection":[{"href":"https:\/\/jornaloalvorada.com.br\/site\/wp-json\/wp\/v2\/posts"}],"about":[{"href":"https:\/\/jornaloalvorada.com.br\/site\/wp-json\/wp\/v2\/types\/post"}],"author":[{"embeddable":true,"href":"https:\/\/jornaloalvorada.com.br\/site\/wp-json\/wp\/v2\/users\/1"}],"replies":[{"embeddable":true,"href":"https:\/\/jornaloalvorada.com.br\/site\/wp-json\/wp\/v2\/comments?post=4788"}],"version-history":[{"count":1,"href":"https:\/\/jornaloalvorada.com.br\/site\/wp-json\/wp\/v2\/posts\/4788\/revisions"}],"predecessor-version":[{"id":4790,"href":"https:\/\/jornaloalvorada.com.br\/site\/wp-json\/wp\/v2\/posts\/4788\/revisions\/4790"}],"wp:featuredmedia":[{"embeddable":true,"href":"https:\/\/jornaloalvorada.com.br\/site\/wp-json\/wp\/v2\/media\/4789"}],"wp:attachment":[{"href":"https:\/\/jornaloalvorada.com.br\/site\/wp-json\/wp\/v2\/media?parent=4788"}],"wp:term":[{"taxonomy":"category","embeddable":true,"href":"https:\/\/jornaloalvorada.com.br\/site\/wp-json\/wp\/v2\/categories?post=4788"},{"taxonomy":"post_tag","embeddable":true,"href":"https:\/\/jornaloalvorada.com.br\/site\/wp-json\/wp\/v2\/tags?post=4788"}],"curies":[{"name":"wp","href":"https:\/\/api.w.org\/{rel}","templated":true}]}}