{"id":4772,"date":"2024-02-01T12:01:30","date_gmt":"2024-02-01T16:01:30","guid":{"rendered":"https:\/\/jornaloalvorada.com.br\/site\/?p=4772"},"modified":"2024-02-01T12:01:33","modified_gmt":"2024-02-01T16:01:33","slug":"vem-ai-a-expocanas-2024-evento-acontecera-nos-dias-10-11-e-12-de-abril-em-nova-alvorada-do-sul","status":"publish","type":"post","link":"https:\/\/jornaloalvorada.com.br\/site\/2024\/02\/01\/vem-ai-a-expocanas-2024-evento-acontecera-nos-dias-10-11-e-12-de-abril-em-nova-alvorada-do-sul\/","title":{"rendered":"Vem a\u00ed a Expocanas 2024; Evento acontecer\u00e1 nos dias 10, 11 e 12 de abril, em Nova Alvorada do Sul"},"content":{"rendered":"\n<p>T\u00e1 preparado para encontrar em um s\u00f3 lugar tudo o que h\u00e1 de mais novo em tecnologia, inova\u00e7\u00e3o e sustentabilidade do setor de Bioenergia?!<\/p>\n\n\n\n<p>Vem a\u00ed a Expocanas 2024 e voc\u00ea \u00e9 o nosso convidado.<\/p>\n\n\n\n<p>A maior feira do setor sucroenerg\u00e9tico de Mato Grosso do Sul acontecer\u00e1 nos dias 10, 11 e 12 de abril, em Nova Alvorada do Sul (MS). Reserve essa data na sua agenda e participe!<\/p>\n\n\n\n<p>Saiba mais sobre o evento: www.expocanas.com<\/p>\n","protected":false},"excerpt":{"rendered":"<p>T\u00e1 preparado para encontrar em um s\u00f3 lugar tudo o que h\u00e1 de mais novo em tecnologia, inova\u00e7\u00e3o e sustentabilidade<\/p>\n","protected":false},"author":1,"featured_media":4773,"comment_status":"open","ping_status":"open","sticky":false,"template":"","format":"standard","meta":{"footnotes":""},"categories":[2],"tags":[],"class_list":["post-4772","post","type-post","status-publish","format-standard","has-post-thumbnail","hentry","category-noticias"],"_links":{"self":[{"href":"https:\/\/jornaloalvorada.com.br\/site\/wp-json\/wp\/v2\/posts\/4772","targetHints":{"allow":["GET"]}}],"collection":[{"href":"https:\/\/jornaloalvorada.com.br\/site\/wp-json\/wp\/v2\/posts"}],"about":[{"href":"https:\/\/jornaloalvorada.com.br\/site\/wp-json\/wp\/v2\/types\/post"}],"author":[{"embeddable":true,"href":"https:\/\/jornaloalvorada.com.br\/site\/wp-json\/wp\/v2\/users\/1"}],"replies":[{"embeddable":true,"href":"https:\/\/jornaloalvorada.com.br\/site\/wp-json\/wp\/v2\/comments?post=4772"}],"version-history":[{"count":1,"href":"https:\/\/jornaloalvorada.com.br\/site\/wp-json\/wp\/v2\/posts\/4772\/revisions"}],"predecessor-version":[{"id":4774,"href":"https:\/\/jornaloalvorada.com.br\/site\/wp-json\/wp\/v2\/posts\/4772\/revisions\/4774"}],"wp:featuredmedia":[{"embeddable":true,"href":"https:\/\/jornaloalvorada.com.br\/site\/wp-json\/wp\/v2\/media\/4773"}],"wp:attachment":[{"href":"https:\/\/jornaloalvorada.com.br\/site\/wp-json\/wp\/v2\/media?parent=4772"}],"wp:term":[{"taxonomy":"category","embeddable":true,"href":"https:\/\/jornaloalvorada.com.br\/site\/wp-json\/wp\/v2\/categories?post=4772"},{"taxonomy":"post_tag","embeddable":true,"href":"https:\/\/jornaloalvorada.com.br\/site\/wp-json\/wp\/v2\/tags?post=4772"}],"curies":[{"name":"wp","href":"https:\/\/api.w.org\/{rel}","templated":true}]}}