{"id":4766,"date":"2024-01-31T18:23:38","date_gmt":"2024-01-31T22:23:38","guid":{"rendered":"https:\/\/jornaloalvorada.com.br\/site\/?p=4766"},"modified":"2024-01-31T18:23:40","modified_gmt":"2024-01-31T22:23:40","slug":"rose-e-contar-podem-caminhar-juntos-nas-eleicoes-de-campo-grande-diz-site","status":"publish","type":"post","link":"https:\/\/jornaloalvorada.com.br\/site\/2024\/01\/31\/rose-e-contar-podem-caminhar-juntos-nas-eleicoes-de-campo-grande-diz-site\/","title":{"rendered":"Rose e Contar podem caminhar juntos nas elei\u00e7\u00f5es de Campo Grande, diz site"},"content":{"rendered":"\n<p>Nos bastidores da pol\u00edtica campo-grandense, especula-se sobre uma poss\u00edvel alian\u00e7a entre o Capit\u00e3o Contar, do PRTB, e Rose Modesto, da UNI\u00c3O BRASIL, para concorrerem juntos \u00e0 prefeitura da cidade. As informa\u00e7\u00f5es, que circularam at\u00e9 o Fato67, sugerem que essa costura pol\u00edtica pode estar em andamento, com membros pr\u00f3ximos ao Capit\u00e3o Contar trabalhando em prol de Rose Modesto.<\/p>\n\n\n\n<p>A rela\u00e7\u00e3o entre os dois pol\u00edticos teve in\u00edcio no segundo turno das elei\u00e7\u00f5es para governador em 2022, quando Rose Modesto declarou seu apoio a Contar na disputa contra Eduardo Riedel (PSDB). Rose foi uma das vozes mais ativas na campanha do ex-deputado durante esse per\u00edodo.<\/p>\n\n\n\n<p>\u00c9 importante destacar que Contar \u00e9 uma figura proeminente na ala bolsonarista da direita no estado, enquanto Rose Modesto, atualmente, ocupa um cargo na SUDECO (Superintend\u00eancia de Desenvolvimento do Centro-Oeste), indicada pelo governo Lula. No entanto, na pol\u00edtica, as alian\u00e7as e os movimentos s\u00e3o fluidos, e essa poss\u00edvel chapa mostra que tudo \u00e9 poss\u00edvel no cen\u00e1rio pol\u00edtico de Campo Grande.<\/p>\n\n\n\n<p><strong><em>Com informa\u00e7\u00f5es do Fato67<\/em><\/strong><\/p>\n","protected":false},"excerpt":{"rendered":"<p>Nos bastidores da pol\u00edtica campo-grandense, especula-se sobre uma poss\u00edvel alian\u00e7a entre o Capit\u00e3o Contar, do PRTB, e Rose Modesto, da<\/p>\n","protected":false},"author":1,"featured_media":4767,"comment_status":"open","ping_status":"open","sticky":false,"template":"","format":"standard","meta":{"footnotes":""},"categories":[2],"tags":[],"class_list":["post-4766","post","type-post","status-publish","format-standard","has-post-thumbnail","hentry","category-noticias"],"_links":{"self":[{"href":"https:\/\/jornaloalvorada.com.br\/site\/wp-json\/wp\/v2\/posts\/4766","targetHints":{"allow":["GET"]}}],"collection":[{"href":"https:\/\/jornaloalvorada.com.br\/site\/wp-json\/wp\/v2\/posts"}],"about":[{"href":"https:\/\/jornaloalvorada.com.br\/site\/wp-json\/wp\/v2\/types\/post"}],"author":[{"embeddable":true,"href":"https:\/\/jornaloalvorada.com.br\/site\/wp-json\/wp\/v2\/users\/1"}],"replies":[{"embeddable":true,"href":"https:\/\/jornaloalvorada.com.br\/site\/wp-json\/wp\/v2\/comments?post=4766"}],"version-history":[{"count":1,"href":"https:\/\/jornaloalvorada.com.br\/site\/wp-json\/wp\/v2\/posts\/4766\/revisions"}],"predecessor-version":[{"id":4768,"href":"https:\/\/jornaloalvorada.com.br\/site\/wp-json\/wp\/v2\/posts\/4766\/revisions\/4768"}],"wp:featuredmedia":[{"embeddable":true,"href":"https:\/\/jornaloalvorada.com.br\/site\/wp-json\/wp\/v2\/media\/4767"}],"wp:attachment":[{"href":"https:\/\/jornaloalvorada.com.br\/site\/wp-json\/wp\/v2\/media?parent=4766"}],"wp:term":[{"taxonomy":"category","embeddable":true,"href":"https:\/\/jornaloalvorada.com.br\/site\/wp-json\/wp\/v2\/categories?post=4766"},{"taxonomy":"post_tag","embeddable":true,"href":"https:\/\/jornaloalvorada.com.br\/site\/wp-json\/wp\/v2\/tags?post=4766"}],"curies":[{"name":"wp","href":"https:\/\/api.w.org\/{rel}","templated":true}]}}