{"id":4756,"date":"2024-01-31T18:02:27","date_gmt":"2024-01-31T22:02:27","guid":{"rendered":"https:\/\/jornaloalvorada.com.br\/site\/?p=4756"},"modified":"2024-01-31T18:05:04","modified_gmt":"2024-01-31T22:05:04","slug":"combustiveis-ficam-mais-caros-a-partir-desta-quinta-feira-com-aumento-do-icms","status":"publish","type":"post","link":"https:\/\/jornaloalvorada.com.br\/site\/2024\/01\/31\/combustiveis-ficam-mais-caros-a-partir-desta-quinta-feira-com-aumento-do-icms\/","title":{"rendered":"Combust\u00edveis ficam mais caros a partir desta quinta-feira com aumento do ICMS"},"content":{"rendered":"\n<p>Fevereiro come\u00e7a com as al\u00edquotas do <a href=\"https:\/\/midiamax.uol.com.br\/tag\/icms\/\">ICMS<\/a> (Imposto sobre Circula\u00e7\u00e3o de Mercadorias e Servi\u00e7os) na <a href=\"https:\/\/midiamax.uol.com.br\/tag\/gasolina\/\">gasolina<\/a>, no diesel, no biodiesel e no g\u00e1s de cozinha reajustadas a partir desta quinta-feira (1\u00ba).<\/p>\n\n\n\n<p>O Confaz (Conselho Nacional de Pol\u00edtica Fazend\u00e1ria), que re\u00fane os secret\u00e1rios de Fazenda de todos os Estados, aprovou as novas al\u00edquotas em outubro do ano passado, com vig\u00eancia a partir de fevereiro deste ano. Foi a primeira alta do imposto desde que ele passou a ser cobrado em uma al\u00edquota \u00fanica nacional, conforme o Metr\u00f3polis.<\/p>\n\n\n\n<p>O ICMS da gasolina subir\u00e1 R$ 0,15, passando de R$ 1,22 para R$ 1,37. J\u00e1 o pre\u00e7o do diesel e do biodiesel aumentar\u00e1 R$ 0,12 e passa a custar R$ 1,06. A al\u00edquota do g\u00e1s de cozinha, por sua vez, ter\u00e1 a maior diferen\u00e7a: de R$ 0,16 para R$ 1,41 por quilo.<\/p>\n\n\n\n<p>Al\u00e9m desse reajuste, que ocorrer\u00e1 na quinta-feira nas distribuidoras, na ter\u00e7a-feira (30) houve aumento de R$ 0,10 no etanol e R$ 0,07 na gasolina, em consequ\u00eancia da eleva\u00e7\u00e3o do anidro nas usinas canavieiras.<\/p>\n\n\n\n<h2 class=\"wp-block-heading\">ICMS \u00fanico<\/h2>\n\n\n\n<p>O ICMS sobre os&nbsp;<a href=\"https:\/\/midiamax.uol.com.br\/tag\/combustiveis\/\">combust\u00edveis<\/a>&nbsp;foi unificado estipulando o prazo de um ano para a primeira altera\u00e7\u00e3o de al\u00edquota. Depois disso, as revis\u00f5es passariam a ser feitas a cada seis meses.<\/p>\n\n\n\n<p>Al\u00e9m da al\u00edquota \u00fanica, o ICMS passou a ser calculado em reais por litro, e n\u00e3o mais como um percentual sobre o pre\u00e7o na bomba.<\/p>\n\n\n\n<p>A nova base de c\u00e1lculo do ICMS come\u00e7ou a valer no dia 1\u00ba de julho de 2023. At\u00e9 ent\u00e3o, cada estado cobrava um percentual sobre o pre\u00e7o de refer\u00eancia, definido a cada 15 dias por meio de pesquisas nos postos.<\/p>\n\n\n\n<p>Em 2023, a Uni\u00e3o fez um acordo para compensar estados e munic\u00edpios por ren\u00fancias fiscais realizadas pelo governo federal em 2022.<\/p>\n\n\n\n<p>A Uni\u00e3o precisou cobrir as perdas do ICMS com a redu\u00e7\u00e3o do imposto sobre combust\u00edveis no ano retrasado, ainda no governo de Bolsonaro.<\/p>\n\n\n\n<p><em><strong>Fonte: Midianas<\/strong><\/em><\/p>\n","protected":false},"excerpt":{"rendered":"<p>Fevereiro come\u00e7a com as al\u00edquotas do ICMS (Imposto sobre Circula\u00e7\u00e3o de Mercadorias e Servi\u00e7os) na gasolina, no diesel, no biodiesel<\/p>\n","protected":false},"author":1,"featured_media":4757,"comment_status":"open","ping_status":"open","sticky":false,"template":"","format":"standard","meta":{"footnotes":""},"categories":[2],"tags":[],"class_list":["post-4756","post","type-post","status-publish","format-standard","has-post-thumbnail","hentry","category-noticias"],"_links":{"self":[{"href":"https:\/\/jornaloalvorada.com.br\/site\/wp-json\/wp\/v2\/posts\/4756","targetHints":{"allow":["GET"]}}],"collection":[{"href":"https:\/\/jornaloalvorada.com.br\/site\/wp-json\/wp\/v2\/posts"}],"about":[{"href":"https:\/\/jornaloalvorada.com.br\/site\/wp-json\/wp\/v2\/types\/post"}],"author":[{"embeddable":true,"href":"https:\/\/jornaloalvorada.com.br\/site\/wp-json\/wp\/v2\/users\/1"}],"replies":[{"embeddable":true,"href":"https:\/\/jornaloalvorada.com.br\/site\/wp-json\/wp\/v2\/comments?post=4756"}],"version-history":[{"count":1,"href":"https:\/\/jornaloalvorada.com.br\/site\/wp-json\/wp\/v2\/posts\/4756\/revisions"}],"predecessor-version":[{"id":4758,"href":"https:\/\/jornaloalvorada.com.br\/site\/wp-json\/wp\/v2\/posts\/4756\/revisions\/4758"}],"wp:featuredmedia":[{"embeddable":true,"href":"https:\/\/jornaloalvorada.com.br\/site\/wp-json\/wp\/v2\/media\/4757"}],"wp:attachment":[{"href":"https:\/\/jornaloalvorada.com.br\/site\/wp-json\/wp\/v2\/media?parent=4756"}],"wp:term":[{"taxonomy":"category","embeddable":true,"href":"https:\/\/jornaloalvorada.com.br\/site\/wp-json\/wp\/v2\/categories?post=4756"},{"taxonomy":"post_tag","embeddable":true,"href":"https:\/\/jornaloalvorada.com.br\/site\/wp-json\/wp\/v2\/tags?post=4756"}],"curies":[{"name":"wp","href":"https:\/\/api.w.org\/{rel}","templated":true}]}}