{"id":4753,"date":"2024-01-31T17:58:37","date_gmt":"2024-01-31T21:58:37","guid":{"rendered":"https:\/\/jornaloalvorada.com.br\/site\/?p=4753"},"modified":"2024-01-31T17:58:40","modified_gmt":"2024-01-31T21:58:40","slug":"governo-diz-ter-rombo-de-r-20-milhoes-por-mes-e-promete-criar-auxilio-a-servidores-aposentados","status":"publish","type":"post","link":"https:\/\/jornaloalvorada.com.br\/site\/2024\/01\/31\/governo-diz-ter-rombo-de-r-20-milhoes-por-mes-e-promete-criar-auxilio-a-servidores-aposentados\/","title":{"rendered":"Governo diz ter rombo de R$ 20 milh\u00f5es por m\u00eas e promete criar aux\u00edlio a servidores aposentados"},"content":{"rendered":"\n<p>A reuni\u00e3o do governador Eduardo Riedel (PSDB) com representantes do F\u00f3rum dos Servidores P\u00fablicos de Mato Grosso do Sul, nesta quarta-feira (31), definiu a realiza\u00e7\u00e3o de estudo para criar aux\u00edlio aos servidores aposentados e pensionistas.&nbsp;<\/p>\n\n\n\n<p>No encontro, o diretor-presidente da Ageprev (Ag\u00eancia de Previd\u00eancia Social de Mato Grosso do Sul), Jorge Oliveira Martins, apresentou a situa\u00e7\u00e3o da previd\u00eancia estadual, que tem quase R$ 20 milh\u00f5es de d\u00e9ficit mensal, valor que \u00e9 complementado com recursos do tesouro do Estado.<\/p>\n\n\n\n<p>\u201cO Governo est\u00e1 disposto a criar alternativa para apoiar os inativos, que recebem at\u00e9 uma determinada faixa salarial, ou at\u00e9 o teto. Por isso vamos fazer um estudo, incluindo todos. E at\u00e9 o fim do m\u00eas de fevereiro vamos informar como ser\u00e1 feito e o que ficou definido\u201d, declarou Riedel, conforme note divulgada pelo governo.<\/p>\n\n\n\n<p>Durante a reuni\u00e3o, na manh\u00e3 de hoje, dezenas de aposentados fizeram um protesto em frente da Governadoria, no Parque dos Poderes. Eles j\u00e1 realizaram v\u00e1rias manifesta\u00e7\u00f5es ao longo do ano passado e queriam participar do encontro.<\/p>\n\n\n\n<p>A principal demanda do F\u00f3rum dos Servidores \u00e9 a retomada da isen\u00e7\u00e3o dos valores recebidos at\u00e9 o teto do INSS para todos aposentados e pensionistas, bem como a isen\u00e7\u00e3o pelos valores relativos ao dobro do teto quanto aos aposentados por invalidez ou com doen\u00e7a grave.&nbsp;<\/p>\n\n\n\n<p>Cobrada desde 2021, na gest\u00e3o de Reinaldo Azambuja (PSDB), a al\u00edquota de 14% \u00e9 considerada muito alta e abusiva.<\/p>\n\n\n\n<p>Antes da reforma de Azambuja, o governo cobrava 11% dos aposentados, mas apenas sobre o valor que excedia o teto do INSS, em torno de R$ 7,7 mil. Reinaldo acabou elevando a al\u00edquota de 11% para 14% e s\u00f3 isentou quem ganha at\u00e9 um sal\u00e1rio m\u00ednimo.<\/p>\n\n\n\n<p>A reportagem entrou em contato com representante do F\u00f3rum dos Servidores para verificar como ficou a negocia\u00e7\u00e3o a respeito da diminui\u00e7\u00e3o da al\u00edquota e aguarda retorno.<\/p>\n\n\n\n<p><strong><em>Fonte: O Jacar\u00e9<\/em><\/strong><\/p>\n","protected":false},"excerpt":{"rendered":"<p>A reuni\u00e3o do governador Eduardo Riedel (PSDB) com representantes do F\u00f3rum dos Servidores P\u00fablicos de Mato Grosso do Sul, nesta<\/p>\n","protected":false},"author":1,"featured_media":4754,"comment_status":"open","ping_status":"open","sticky":false,"template":"","format":"standard","meta":{"footnotes":""},"categories":[2],"tags":[],"class_list":["post-4753","post","type-post","status-publish","format-standard","has-post-thumbnail","hentry","category-noticias"],"_links":{"self":[{"href":"https:\/\/jornaloalvorada.com.br\/site\/wp-json\/wp\/v2\/posts\/4753","targetHints":{"allow":["GET"]}}],"collection":[{"href":"https:\/\/jornaloalvorada.com.br\/site\/wp-json\/wp\/v2\/posts"}],"about":[{"href":"https:\/\/jornaloalvorada.com.br\/site\/wp-json\/wp\/v2\/types\/post"}],"author":[{"embeddable":true,"href":"https:\/\/jornaloalvorada.com.br\/site\/wp-json\/wp\/v2\/users\/1"}],"replies":[{"embeddable":true,"href":"https:\/\/jornaloalvorada.com.br\/site\/wp-json\/wp\/v2\/comments?post=4753"}],"version-history":[{"count":1,"href":"https:\/\/jornaloalvorada.com.br\/site\/wp-json\/wp\/v2\/posts\/4753\/revisions"}],"predecessor-version":[{"id":4755,"href":"https:\/\/jornaloalvorada.com.br\/site\/wp-json\/wp\/v2\/posts\/4753\/revisions\/4755"}],"wp:featuredmedia":[{"embeddable":true,"href":"https:\/\/jornaloalvorada.com.br\/site\/wp-json\/wp\/v2\/media\/4754"}],"wp:attachment":[{"href":"https:\/\/jornaloalvorada.com.br\/site\/wp-json\/wp\/v2\/media?parent=4753"}],"wp:term":[{"taxonomy":"category","embeddable":true,"href":"https:\/\/jornaloalvorada.com.br\/site\/wp-json\/wp\/v2\/categories?post=4753"},{"taxonomy":"post_tag","embeddable":true,"href":"https:\/\/jornaloalvorada.com.br\/site\/wp-json\/wp\/v2\/tags?post=4753"}],"curies":[{"name":"wp","href":"https:\/\/api.w.org\/{rel}","templated":true}]}}