{"id":4720,"date":"2024-01-30T08:27:08","date_gmt":"2024-01-30T12:27:08","guid":{"rendered":"https:\/\/jornaloalvorada.com.br\/site\/?p=4720"},"modified":"2024-01-30T08:27:11","modified_gmt":"2024-01-30T12:27:11","slug":"detran-ms-otimiza-processos-e-supera-marca-de-80-leiloes-realizados-pelo-segundo-ano-seguido","status":"publish","type":"post","link":"https:\/\/jornaloalvorada.com.br\/site\/2024\/01\/30\/detran-ms-otimiza-processos-e-supera-marca-de-80-leiloes-realizados-pelo-segundo-ano-seguido\/","title":{"rendered":"Detran-MS otimiza processos e supera marca de 80 leil\u00f5es realizados pelo segundo ano seguido"},"content":{"rendered":"\n<p>Pelo segundo ano seguido o Detran-MS (Departamento Estadual de Tr\u00e2nsito de Mato Grosso do Sul) superou a marca de mais de 80 leil\u00f5es realizados. A otimiza\u00e7\u00e3o de processos internos, aumentou a efici\u00eancia dos certames, ampliando a seguran\u00e7a e tamb\u00e9m a transpar\u00eancia.<\/p>\n\n\n\n<p>Relat\u00f3rio anual da Gedest (Ger\u00eancia de Destina\u00e7\u00e3o de Ve\u00edculos) mostra que embora a quantidade de leil\u00f5es realizados em 2023 tenha sido menor que a de 2022, o n\u00famero de ve\u00edculos ofertados no \u00faltimo ano foi 3% maior, com o arremate de 9.145 ve\u00edculos.<\/p>\n\n\n\n<p>Conforme o balan\u00e7o, em 2023 foram realizados 29 certames na modalidade ve\u00edculos para circula\u00e7\u00e3o, 29 de sucata aproveit\u00e1vel, e 24 de sucata inserv\u00edvel.<\/p>\n\n\n\n<p>A disponibiliza\u00e7\u00e3o de ve\u00edculos para leil\u00e3o, segue a Resolu\u00e7\u00e3o Contran n\u00ba 623\/16 que regulamenta procedimentos administrativos para a remo\u00e7\u00e3o, cust\u00f3dia e realiza\u00e7\u00e3o de leil\u00e3o de ve\u00edculos que foram removidos ou recolhidos por \u00f3rg\u00e3os que integram o SNT (Sistema Nacional de Tr\u00e2nsito), e que n\u00e3o foram recuperados pelos seus propriet\u00e1rios dentro do prazo de 60 dias, mesmo com as duas notifica\u00e7\u00f5es, uma no ato da entrega do ve\u00edculo e outra no Di\u00e1rio Oficial do Estado.<\/p>\n\n\n\n<p>A abordagem de leil\u00f5es, n\u00e3o s\u00f3 evita o ac\u00famulo de ve\u00edculos nos p\u00e1tios das ag\u00eancias, mas tamb\u00e9m tem um impacto positivo na sustentabilidade. Desde 2020 a opera\u00e7\u00e3o P\u00e1tio Zero, tem objetivo de evitar que esses ve\u00edculos se tornem obsoletos, com ac\u00famulo de sujeira, lixo e larvas de mosquito.<\/p>\n\n\n\n<p><strong>Renajud<\/strong><\/p>\n\n\n\n<p>Na presen\u00e7a do Secret\u00e1rio Nacional de Tr\u00e2nsito, Adrualdo Cat\u00e3o, o Detran-MS foi o primeiro do Pa\u00eds a firmar um termo de coopera\u00e7\u00e3o com o TJMS (Tribunal de Justi\u00e7a de Mato Grosso do Sul), para racionalizar o procedimento de retirada de restri\u00e7\u00e3o judicial nos processos c\u00edveis de compet\u00eancia da justi\u00e7a estadual. O primeiro certame nesta modalidade est\u00e1 previsto para acontecer ainda no primeiro semestre de 2024.<\/p>\n\n\n\n<p><strong><em>Mireli Obando, Comunica\u00e7\u00e3o Detran-MS<br>Foto: Rachid Waqued<\/em><\/strong><\/p>\n","protected":false},"excerpt":{"rendered":"<p>Pelo segundo ano seguido o Detran-MS (Departamento Estadual de Tr\u00e2nsito de Mato Grosso do Sul) superou a marca de mais<\/p>\n","protected":false},"author":1,"featured_media":4721,"comment_status":"open","ping_status":"open","sticky":false,"template":"","format":"standard","meta":{"footnotes":""},"categories":[2],"tags":[],"class_list":["post-4720","post","type-post","status-publish","format-standard","has-post-thumbnail","hentry","category-noticias"],"_links":{"self":[{"href":"https:\/\/jornaloalvorada.com.br\/site\/wp-json\/wp\/v2\/posts\/4720","targetHints":{"allow":["GET"]}}],"collection":[{"href":"https:\/\/jornaloalvorada.com.br\/site\/wp-json\/wp\/v2\/posts"}],"about":[{"href":"https:\/\/jornaloalvorada.com.br\/site\/wp-json\/wp\/v2\/types\/post"}],"author":[{"embeddable":true,"href":"https:\/\/jornaloalvorada.com.br\/site\/wp-json\/wp\/v2\/users\/1"}],"replies":[{"embeddable":true,"href":"https:\/\/jornaloalvorada.com.br\/site\/wp-json\/wp\/v2\/comments?post=4720"}],"version-history":[{"count":1,"href":"https:\/\/jornaloalvorada.com.br\/site\/wp-json\/wp\/v2\/posts\/4720\/revisions"}],"predecessor-version":[{"id":4722,"href":"https:\/\/jornaloalvorada.com.br\/site\/wp-json\/wp\/v2\/posts\/4720\/revisions\/4722"}],"wp:featuredmedia":[{"embeddable":true,"href":"https:\/\/jornaloalvorada.com.br\/site\/wp-json\/wp\/v2\/media\/4721"}],"wp:attachment":[{"href":"https:\/\/jornaloalvorada.com.br\/site\/wp-json\/wp\/v2\/media?parent=4720"}],"wp:term":[{"taxonomy":"category","embeddable":true,"href":"https:\/\/jornaloalvorada.com.br\/site\/wp-json\/wp\/v2\/categories?post=4720"},{"taxonomy":"post_tag","embeddable":true,"href":"https:\/\/jornaloalvorada.com.br\/site\/wp-json\/wp\/v2\/tags?post=4720"}],"curies":[{"name":"wp","href":"https:\/\/api.w.org\/{rel}","templated":true}]}}