{"id":4717,"date":"2024-01-30T08:10:58","date_gmt":"2024-01-30T12:10:58","guid":{"rendered":"https:\/\/jornaloalvorada.com.br\/site\/?p=4717"},"modified":"2024-01-30T08:11:01","modified_gmt":"2024-01-30T12:11:01","slug":"ministra-assina-acordo-para-construcao-da-casa-da-mulher-brasileira-em-corumba-e-dourados","status":"publish","type":"post","link":"https:\/\/jornaloalvorada.com.br\/site\/2024\/01\/30\/ministra-assina-acordo-para-construcao-da-casa-da-mulher-brasileira-em-corumba-e-dourados\/","title":{"rendered":"Ministra assina acordo para constru\u00e7\u00e3o da Casa da Mulher Brasileira em Corumb\u00e1 e Dourados"},"content":{"rendered":"\n<p><div class=\"container\" dir=\"ltr\" lang=\"pt-BR\"><div class=\"content\"><div class=\"moz-reader-content reader-show-element\"><div id=\"readability-page-1\" class=\"page\"><div><div data-title=\"Ministra assina acordo para constru\u00e7\u00e3o da Casa da Mulher Brasileira em Corumb\u00e1 e Dourados - O Jacar\u00e9\" data-url=\"https:\/\/ojacare.com.br\/2024\/01\/29\/ministra-assina-acordo-para-construcao-da-casa-da-mulher-brasileira-em-corumba-e-dourados\/\"><div><article id=\"post-69014\"><div><p>A ministra das Mulheres, Cida Gon\u00e7alves, assina, nesta segunda-feira,  acordo para a constru\u00e7\u00e3o de duas Casas da Mulher Brasileira, uma em  Corumb\u00e1 e outra em Dourados. A solenidade acontece a partir das 9h no  audit\u00f3rio Germano de Barros, no Centro de Conven\u00e7\u00f5es Rubens Gil de  Camilo, em Campo Grande.A Casa da Mulher Brasileira em Corumb\u00e1 \u00e9 a primeira a ser constru\u00edda  na fronteira do Brasil com a Bol\u00edvia. A outra ser\u00e1 a primeira a prever o  atendimento especializado para a mulher ind\u00edgena. Dourados possui a  reserva com a segunda maior popula\u00e7\u00e3o ind\u00edgena do Pa\u00eds.<\/p><\/div><\/article><\/div><\/div><\/div><\/div><\/div><\/div><\/div>O objetivo do equipamento \u00e9 oferecer atendimento humanizado e multidisciplinar \u00e0s mulheres em situa\u00e7\u00e3o de viol\u00eancia com os principais servi\u00e7os especializados para os mais diversos tipos de viol\u00eancia.<\/p>\n\n\n\n<p>A ministra tamb\u00e9m faz uma escuta ativa das mulheres que vivem da agricultura familiar. O encontro acontece \u00e0 tarde no Bioparque Pantanal. Cida Gon\u00e7alves cumpre agenda na Capital desde s\u00e1bado, onde participou de encontro com parlamentares e com integrantes do PT.<\/p>\n\n\n\n<p><strong><em>Fonte: O Jacar\u00e9<\/em><\/strong><\/p>\n","protected":false},"excerpt":{"rendered":"<p>A ministra das Mulheres, Cida Gon\u00e7alves, assina, nesta segunda-feira, acordo para a constru\u00e7\u00e3o de duas Casas da Mulher Brasileira, uma<\/p>\n","protected":false},"author":1,"featured_media":4718,"comment_status":"open","ping_status":"open","sticky":false,"template":"","format":"standard","meta":{"footnotes":""},"categories":[2],"tags":[],"class_list":["post-4717","post","type-post","status-publish","format-standard","has-post-thumbnail","hentry","category-noticias"],"_links":{"self":[{"href":"https:\/\/jornaloalvorada.com.br\/site\/wp-json\/wp\/v2\/posts\/4717","targetHints":{"allow":["GET"]}}],"collection":[{"href":"https:\/\/jornaloalvorada.com.br\/site\/wp-json\/wp\/v2\/posts"}],"about":[{"href":"https:\/\/jornaloalvorada.com.br\/site\/wp-json\/wp\/v2\/types\/post"}],"author":[{"embeddable":true,"href":"https:\/\/jornaloalvorada.com.br\/site\/wp-json\/wp\/v2\/users\/1"}],"replies":[{"embeddable":true,"href":"https:\/\/jornaloalvorada.com.br\/site\/wp-json\/wp\/v2\/comments?post=4717"}],"version-history":[{"count":1,"href":"https:\/\/jornaloalvorada.com.br\/site\/wp-json\/wp\/v2\/posts\/4717\/revisions"}],"predecessor-version":[{"id":4719,"href":"https:\/\/jornaloalvorada.com.br\/site\/wp-json\/wp\/v2\/posts\/4717\/revisions\/4719"}],"wp:featuredmedia":[{"embeddable":true,"href":"https:\/\/jornaloalvorada.com.br\/site\/wp-json\/wp\/v2\/media\/4718"}],"wp:attachment":[{"href":"https:\/\/jornaloalvorada.com.br\/site\/wp-json\/wp\/v2\/media?parent=4717"}],"wp:term":[{"taxonomy":"category","embeddable":true,"href":"https:\/\/jornaloalvorada.com.br\/site\/wp-json\/wp\/v2\/categories?post=4717"},{"taxonomy":"post_tag","embeddable":true,"href":"https:\/\/jornaloalvorada.com.br\/site\/wp-json\/wp\/v2\/tags?post=4717"}],"curies":[{"name":"wp","href":"https:\/\/api.w.org\/{rel}","templated":true}]}}