{"id":4695,"date":"2024-01-29T15:26:46","date_gmt":"2024-01-29T19:26:46","guid":{"rendered":"https:\/\/jornaloalvorada.com.br\/site\/?p=4695"},"modified":"2024-01-29T15:26:49","modified_gmt":"2024-01-29T19:26:49","slug":"veja-passo-a-passo-de-como-pedir-o-seguro-desemprego-pelo-aplicativo-carteira-de-trabalho-digital","status":"publish","type":"post","link":"https:\/\/jornaloalvorada.com.br\/site\/2024\/01\/29\/veja-passo-a-passo-de-como-pedir-o-seguro-desemprego-pelo-aplicativo-carteira-de-trabalho-digital\/","title":{"rendered":"Veja passo a passo de como pedir o seguro-desemprego pelo aplicativo Carteira de Trabalho Digital"},"content":{"rendered":"\n<p>No \u00faltimo ano, o Minist\u00e9rio do Trabalho e Emprego (MTE) registrou mais de 7,1 milh\u00f5es de solicita\u00e7\u00f5es de seguro-desemprego. Uma an\u00e1lise dos dados coletados entre dezembro de 2019 e dezembro de 2023 revelou que 67% desses pedidos foram realizados por meio de meios digitais.<\/p>\n\n\n\n<p>Utiliza\u00e7\u00e3o do m\u00e9todo digital na solicita\u00e7\u00e3o do seguro-desemprego A maior parte dessas solicita\u00e7\u00f5es digitais foi feita atrav\u00e9s do aplicativo da Carteira de Trabalho Digital. Esse recurso oferece aos usu\u00e1rios a possibilidade de acessar diversos servi\u00e7os do MTE, incluindo gest\u00f5es de admiss\u00e3o e demiss\u00e3o, assim como atualiza\u00e7\u00f5es de dados. Al\u00e9m disso, permite acompanhar as movimenta\u00e7\u00f5es dos contratos de trabalho e, ao encerrar um v\u00ednculo empregat\u00edcio, efetuar a solicita\u00e7\u00e3o do seguro-desemprego.<\/p>\n\n\n\n<p>Guia passo a passo para solicitar o seguro-desemprego pelo aplicativo Ap\u00f3s cumprir os requisitos necess\u00e1rios para a solicita\u00e7\u00e3o do seguro-desemprego, voc\u00ea pode enviar um pedido pelo aplicativo seguindo estes passos:<\/p>\n\n\n\n<ol class=\"wp-block-list\">\n<li>Baixar o aplicativo Carteira de Trabalho Digital no dispositivo m\u00f3vel;<\/li>\n\n\n\n<li>Acessar \u201cEntrar com gov.br\u201d;<\/li>\n\n\n\n<li>Fazer o login com a conta Gov.br;<\/li>\n\n\n\n<li>Acessar a aba \u201cBenef\u00edcios\u201d, localizada na parte inferior da tela;<\/li>\n\n\n\n<li>Na categoria \u201cSeguro-Desemprego\u201d, selecionar \u201cSolicitar\u201d;<\/li>\n\n\n\n<li>Escolher a modalidade do benef\u00edcio;<\/li>\n\n\n\n<li>Informar o n\u00famero do requerimento;<\/li>\n\n\n\n<li>Aceitar os termos apresentados e iniciar a solicita\u00e7\u00e3o.<\/li>\n<\/ol>\n\n\n\n<p><strong><em>Com informa\u00e7\u00f5es de O Antagonista.<\/em><\/strong><\/p>\n","protected":false},"excerpt":{"rendered":"<p>No \u00faltimo ano, o Minist\u00e9rio do Trabalho e Emprego (MTE) registrou mais de 7,1 milh\u00f5es de solicita\u00e7\u00f5es de seguro-desemprego. Uma<\/p>\n","protected":false},"author":1,"featured_media":4696,"comment_status":"open","ping_status":"open","sticky":false,"template":"","format":"standard","meta":{"footnotes":""},"categories":[2],"tags":[],"class_list":["post-4695","post","type-post","status-publish","format-standard","has-post-thumbnail","hentry","category-noticias"],"_links":{"self":[{"href":"https:\/\/jornaloalvorada.com.br\/site\/wp-json\/wp\/v2\/posts\/4695","targetHints":{"allow":["GET"]}}],"collection":[{"href":"https:\/\/jornaloalvorada.com.br\/site\/wp-json\/wp\/v2\/posts"}],"about":[{"href":"https:\/\/jornaloalvorada.com.br\/site\/wp-json\/wp\/v2\/types\/post"}],"author":[{"embeddable":true,"href":"https:\/\/jornaloalvorada.com.br\/site\/wp-json\/wp\/v2\/users\/1"}],"replies":[{"embeddable":true,"href":"https:\/\/jornaloalvorada.com.br\/site\/wp-json\/wp\/v2\/comments?post=4695"}],"version-history":[{"count":1,"href":"https:\/\/jornaloalvorada.com.br\/site\/wp-json\/wp\/v2\/posts\/4695\/revisions"}],"predecessor-version":[{"id":4697,"href":"https:\/\/jornaloalvorada.com.br\/site\/wp-json\/wp\/v2\/posts\/4695\/revisions\/4697"}],"wp:featuredmedia":[{"embeddable":true,"href":"https:\/\/jornaloalvorada.com.br\/site\/wp-json\/wp\/v2\/media\/4696"}],"wp:attachment":[{"href":"https:\/\/jornaloalvorada.com.br\/site\/wp-json\/wp\/v2\/media?parent=4695"}],"wp:term":[{"taxonomy":"category","embeddable":true,"href":"https:\/\/jornaloalvorada.com.br\/site\/wp-json\/wp\/v2\/categories?post=4695"},{"taxonomy":"post_tag","embeddable":true,"href":"https:\/\/jornaloalvorada.com.br\/site\/wp-json\/wp\/v2\/tags?post=4695"}],"curies":[{"name":"wp","href":"https:\/\/api.w.org\/{rel}","templated":true}]}}