{"id":4692,"date":"2024-01-29T09:14:28","date_gmt":"2024-01-29T13:14:28","guid":{"rendered":"https:\/\/jornaloalvorada.com.br\/site\/?p=4692"},"modified":"2024-01-29T09:14:32","modified_gmt":"2024-01-29T13:14:32","slug":"senado-deve-voltar-a-discutir-reducao-da-jornada-de-trabalho-em-2024","status":"publish","type":"post","link":"https:\/\/jornaloalvorada.com.br\/site\/2024\/01\/29\/senado-deve-voltar-a-discutir-reducao-da-jornada-de-trabalho-em-2024\/","title":{"rendered":"Senado deve voltar a discutir redu\u00e7\u00e3o da jornada de trabalho em 2024"},"content":{"rendered":"\n<p>O Senado deve voltar a discutir em 2024 a redu\u00e7\u00e3o da jornada de trabalho para 4 dias por semana, sem redu\u00e7\u00e3o salarial. O assunto tem sido tend\u00eancia no mundo todo, com alguns pa\u00edses j\u00e1 colocando em pr\u00e1tica legisla\u00e7\u00f5es ou projetos pilotos que incentivem as empresas a adotarem modelos de jornadas reduzidas.&nbsp;<\/p>\n\n\n\n<p>A mudan\u00e7a j\u00e1 \u00e9 discutida pelo Congresso Nacional desde 1995, quando o senador <a href=\"https:\/\/eleicoes-monitor.poder360.com.br\/candidato\/1200699#2018\" target=\"_blank\" rel=\"noreferrer noopener\">Paulo Paim<\/a> (PT-RS) e o ent\u00e3o deputado federal e posteriormente senador, In\u00e1cio Arruda, apresentaram sua 1\u00aa PEC (Proposta de Emenda \u00e0 Constitui\u00e7\u00e3o) <a href=\"http:\/\/www.camara.gov.br\/proposicoesWeb\/fichadetramitacao?idProposicao=14582\" target=\"_blank\" rel=\"noreferrer noopener\">231, de 1995<\/a>&nbsp;sobre o tema. No entanto, s\u00f3 em 2023 o assunto passou a ser visto como uma aprova\u00e7\u00e3o poss\u00edvel no Legislativo.<\/p>\n\n\n\n<p>J\u00e1 em dezembro do ano passado, antes do encerramento das atividades legislativas, a CAS (Comiss\u00e3o de Assuntos Sociais) aprovou o projeto que inclui na CLT (Consolida\u00e7\u00e3o das Leis do Trabalho \u2014<a href=\"https:\/\/normas.leg.br\/?urn=urn:lex:br:federal:decreto.lei:1943-05-01;5452\" target=\"_blank\" rel=\"noreferrer noopener\">Decreto-Lei 5.452, de 1943<\/a>) a possibilidade de redu\u00e7\u00e3o da hora trabalhada di\u00e1ria ou semanal, sem redu\u00e7\u00e3o da remunera\u00e7\u00e3o, desde que feita mediante acordo ou conven\u00e7\u00e3o coletiva (<a href=\"https:\/\/www25.senado.leg.br\/web\/atividade\/materias\/-\/materia\/156208\" target=\"_blank\" rel=\"noreferrer noopener\">projeto de lei 1.105, de 2023<\/a>).&nbsp;<\/p>\n\n\n\n<p>Atualmente a CLT estabelece o regime de tempo parcial de 30 horas semanais, j\u00e1 a Constitui\u00e7\u00e3ofixa como jornada m\u00e1xima as 44 horas semanais. Diante dessa diferen\u00e7a de 14 horas entre o definido pela CLT e o m\u00e1ximo permitido pela Constitui\u00e7\u00e3o, o texto possibilita essa negocia\u00e7\u00e3o da redu\u00e7\u00e3o da jornada at\u00e9 30 horas, desde que seja acordado entre empregador, sindicato e empregado e sem redu\u00e7\u00e3o salarial.&nbsp;<\/p>\n\n\n\n<p>Apresentada pelo senador <a href=\"https:\/\/eleicoes.poder360.com.br\/candidato\/1481031#2018\" target=\"_blank\" rel=\"noreferrer noopener\">Weverton<\/a> (PDT-MA), o projeto, que recebeu parecer favor\u00e1vel do senador Paulo Paim, n\u00e3o contempla contrata\u00e7\u00f5es por tempo parcial, visto que o limite j\u00e1 \u00e9 de 30 horas semanais. Como foi analisada em decis\u00e3o terminativa, a proposta seguir\u00e1 para a C\u00e2mara dos Deputados, exceto se no m\u00ednimo 9 senadores apresentarem recurso para an\u00e1lise no plen\u00e1rio do Senado.<\/p>\n\n\n\n<p><em>\u201cEsse \u00e9 um importante projeto que vai fortalecer a rela\u00e7\u00e3o empregado e empregador. Precisamos ter uma correla\u00e7\u00e3o justa nesta rela\u00e7\u00e3o para estarmos de portas abertas a investidores e lhes garantir seguran\u00e7a jur\u00eddica. \u00c9 um projeto de suma import\u00e2ncia para o pa\u00eds\u201d<\/em>, disse Weverton quando a mat\u00e9ria foi aprovada na CAS.<\/p>\n\n\n\n<h2 class=\"wp-block-heading\"><strong>PEC<\/strong><\/h2>\n\n\n\n<p>Em outra frente, Paim tamb\u00e9m apresentou um texto para fazer altera\u00e7\u00f5es constitucionais. A PEC <a href=\"http:\/\/www25.senado.leg.br\/web\/atividade\/materias\/-\/materia\/124067\" target=\"_blank\" rel=\"noreferrer noopener\">148, de 2015,<\/a> estabelece que a dura\u00e7\u00e3o de trabalho normal n\u00e3o ser\u00e1 superior a 8 horas di\u00e1rias e a 36 horas semanais. A mat\u00e9ria est\u00e1 na <a href=\"https:\/\/www.poder360.com.br\/tag\/ccj\/\" target=\"_blank\" rel=\"noreferrer noopener\">CCJ<\/a> (Comiss\u00e3o de Constitui\u00e7\u00e3o, Justi\u00e7a e Cidadania), onde aguarda designa\u00e7\u00e3o de relator.<\/p>\n\n\n\n<p>De acordo com a iniciativa, a jornada de trabalho n\u00e3o poder\u00e1 ser superior a 40 horas semanais, diminuindo gradativa e anualmente em uma hora por ano at\u00e9 o limite de 36 horas. At\u00e9 a implanta\u00e7\u00e3o da emenda, caso seja promulgada, a jornada de trabalho normal n\u00e3o poder\u00e1 ser superior a 44 horas semanais. Ele explicou como seria essa aplica\u00e7\u00e3o em pronunciamento no plen\u00e1rio, em junho de 2023.&nbsp;<\/p>\n\n\n\n<p><em>\u201cHoje, a jornada de trabalho no Brasil \u00e9 44 horas semanais, 8 horas di\u00e1rias. A jornada de trabalho para 40 horas semanais \u00e9 poss\u00edvel. Para, em seguida, gradativamente decrescermos at\u00e9 o limite de 36 horas semanais, com turnos de 6 horas para todos. Importante destacar: sem preju\u00edzo nenhum para sequer o empregador e muito menos para o empregado\u201d<\/em>, diz.<\/p>\n\n\n\n<p>Apesar de o tema ainda estar distante de um consenso no Brasil, Paim acredita que \u00e9 poss\u00edvel avan\u00e7ar em busca de um entendimento entre os atores envolvidos e, para isso, ele considera fundamental a participa\u00e7\u00e3o do Legislativo e do Executivo federal nas discuss\u00f5es.&nbsp;<\/p>\n\n\n\n<p><em>\u201c\u00c9 preciso que todos entendam que a redu\u00e7\u00e3o de jornada s\u00f3 representar\u00e1 uma vit\u00f3ria se for fruto de um grande entendimento n\u00e3o s\u00f3 no Congresso e no Executivo, mas tamb\u00e9m entre empregados e empregadores. Esse entendimento \u00e9 que aponta caminhos, pois o pa\u00eds que queremos est\u00e1 baseado na humaniza\u00e7\u00e3o da rela\u00e7\u00e3o de trabalho\u201d, <\/em>afirmou o senador na mesma ocasi\u00e3o.<\/p>\n\n\n\n<h2 class=\"wp-block-heading\"><strong>Outros pa\u00edses<\/strong><\/h2>\n\n\n\n<p>No Reino Unido, um estudo realizado entre junho e dezembro de 2022 pela parceria entre a <a href=\"https:\/\/www.4dayweek.com\/\"><em>The 4-Day Week Global,<\/em><\/a> o instituto de pesquisa Autonomy e pesquisadores das universidades de Cambridge e Oxford, buscou reduzir a jornada de trabalho para 4 dias por semana para funcion\u00e1rios de 61 empresas de diversos setores que concordaram em participar do teste.&nbsp;<\/p>\n\n\n\n<p>No fim do estudo, foi revelado que 92% das empresas participantes decidiram manter a jornada de trabalho reduzida. Al\u00e9m de fazer sucesso entre patr\u00f5es e funcion\u00e1rios, o teste mostrou que a redu\u00e7\u00e3o da jornada de trabalho n\u00e3o diminuiu a produtividade e que o n\u00famero de sa\u00eddas de funcion\u00e1rios caiu 57% durante o per\u00edodo experimental.<\/p>\n\n\n\n<p>Al\u00e9m de Brasil e Reino Unido, pa\u00edses como Espanha, Fran\u00e7a, Portugal e Jap\u00e3o j\u00e1 debatem&nbsp;o tema. Na Espanha, por exemplo, h\u00e1 uma proposta para reformular a din\u00e2mica de trabalho tradicional e adotar uma semana de quatro dias trabalhados.<\/p>\n\n\n\n<p>Segundo a <a href=\"https:\/\/brasil.un.org\/pt-br\" target=\"_blank\" rel=\"noreferrer noopener\">ONU<\/a> (Organiza\u00e7\u00e3o das Na\u00e7\u00f5es Unidas), pa\u00edses como Holanda, B\u00e9lgica, Dinamarca e Alemanha j\u00e1 come\u00e7aram a ter experi\u00eancias com a aplica\u00e7\u00e3o de uma jornada de trabalho reduzida, chegando a cerca de 32 horas semanais em alguns dessas na\u00e7\u00f5es.<\/p>\n\n\n\n<h2 class=\"wp-block-heading\"><strong>Am\u00e9rica Latina&nbsp;<\/strong><\/h2>\n\n\n\n<p>No ano passado, o Congresso do Chile aprovou uma lei que diminui a semana de trabalho de 45 para 40 horas. Um ano depois a sua aplica\u00e7\u00e3o, a jornada de trabalho ser\u00e1 reduzida das atuais 45 horas para 44 horas. Depois 3 anos o limite ser\u00e1 de 42 horas e depois de 5 anos chegar\u00e1 a 40 horas.<\/p>\n\n\n\n<p>No Brasil, a <em>The 4-Day Week Global<\/em>&nbsp;e a brasileira <a href=\"https:\/\/www.reconnecthappinessatwork.com\/\"><em>Reconnect Happiness at Work<\/em><\/a> est\u00e3o em tratativas para testar um projeto-piloto de trabalho semanal de 4 dias com empresas interessadas.&nbsp;<\/p>\n\n\n\n<p>Segundo a p\u00e1gina da <em>Reconnect Happiness at Work<\/em>, o modelo a ser adotado no teste \u00e9 o de 100-80-100, ou seja, 100% de pagamento do sal\u00e1rio, trabalhando 80% do tempo e mantendo 100% da produtividade. O foco principal do projeto, de acordo com eles, \u00e9 promover o aumento da produtividade, ajustando o cen\u00e1rio de transi\u00e7\u00e3o para uma semana de trabalho de 32 horas.&nbsp;<\/p>\n\n\n\n<h2 class=\"wp-block-heading\"><strong>Sa\u00fade e qualidade de vida<\/strong><\/h2>\n\n\n\n<p>Muitas das discuss\u00f5es que j\u00e1 s\u00e3o feitas no Senado, entre a sociedade civil e dentro das empresas buscam responder a uma pergunta espec\u00edfica: a redu\u00e7\u00e3o da jornada de trabalho vir\u00e1 como resposta para conciliar o crescimento econ\u00f4mico com a preserva\u00e7\u00e3o da sa\u00fade mental e f\u00edsica dos trabalhadores?&nbsp;<\/p>\n\n\n\n<p>Um relat\u00f3rio publicado em 2021 pela OMS (Organiza\u00e7\u00e3o Mundial da Sa\u00fade) e pela OIT (Organiza\u00e7\u00e3o Internacional do Trabalho) revela que as longas jornadas de trabalho levaram a 745 mil mortes por acidente vascular cerebral e doen\u00e7a isqu\u00eamica do cora\u00e7\u00e3o em 2016. Isso representa um acr\u00e9scimo de 29% desses casos desde 2000, segundo as institui\u00e7\u00f5es.&nbsp;<\/p>\n\n\n\n<p>Diante dos n\u00fameros, as duas ag\u00eancias t\u00eam recomendado que governos, empregadores e trabalhadores comecem a pensar e implementar medidas que possam proteger a sa\u00fade e bem-estar da classe trabalhadora.<\/p>\n\n\n\n<p><strong><em>Fonte: Poder360<\/em><\/strong><\/p>\n\n\n\n<p><br><\/p>\n","protected":false},"excerpt":{"rendered":"<p>O Senado deve voltar a discutir em 2024 a redu\u00e7\u00e3o da jornada de trabalho para 4 dias por semana, sem<\/p>\n","protected":false},"author":1,"featured_media":4693,"comment_status":"open","ping_status":"open","sticky":false,"template":"","format":"standard","meta":{"footnotes":""},"categories":[2],"tags":[],"class_list":["post-4692","post","type-post","status-publish","format-standard","has-post-thumbnail","hentry","category-noticias"],"_links":{"self":[{"href":"https:\/\/jornaloalvorada.com.br\/site\/wp-json\/wp\/v2\/posts\/4692","targetHints":{"allow":["GET"]}}],"collection":[{"href":"https:\/\/jornaloalvorada.com.br\/site\/wp-json\/wp\/v2\/posts"}],"about":[{"href":"https:\/\/jornaloalvorada.com.br\/site\/wp-json\/wp\/v2\/types\/post"}],"author":[{"embeddable":true,"href":"https:\/\/jornaloalvorada.com.br\/site\/wp-json\/wp\/v2\/users\/1"}],"replies":[{"embeddable":true,"href":"https:\/\/jornaloalvorada.com.br\/site\/wp-json\/wp\/v2\/comments?post=4692"}],"version-history":[{"count":1,"href":"https:\/\/jornaloalvorada.com.br\/site\/wp-json\/wp\/v2\/posts\/4692\/revisions"}],"predecessor-version":[{"id":4694,"href":"https:\/\/jornaloalvorada.com.br\/site\/wp-json\/wp\/v2\/posts\/4692\/revisions\/4694"}],"wp:featuredmedia":[{"embeddable":true,"href":"https:\/\/jornaloalvorada.com.br\/site\/wp-json\/wp\/v2\/media\/4693"}],"wp:attachment":[{"href":"https:\/\/jornaloalvorada.com.br\/site\/wp-json\/wp\/v2\/media?parent=4692"}],"wp:term":[{"taxonomy":"category","embeddable":true,"href":"https:\/\/jornaloalvorada.com.br\/site\/wp-json\/wp\/v2\/categories?post=4692"},{"taxonomy":"post_tag","embeddable":true,"href":"https:\/\/jornaloalvorada.com.br\/site\/wp-json\/wp\/v2\/tags?post=4692"}],"curies":[{"name":"wp","href":"https:\/\/api.w.org\/{rel}","templated":true}]}}