{"id":4688,"date":"2024-01-29T08:57:26","date_gmt":"2024-01-29T12:57:26","guid":{"rendered":"https:\/\/jornaloalvorada.com.br\/site\/?p=4688"},"modified":"2024-01-29T09:01:58","modified_gmt":"2024-01-29T13:01:58","slug":"inscricoes-para-o-prouni-comecam-nesta-segunda-feira","status":"publish","type":"post","link":"https:\/\/jornaloalvorada.com.br\/site\/2024\/01\/29\/inscricoes-para-o-prouni-comecam-nesta-segunda-feira\/","title":{"rendered":"Inscri\u00e7\u00f5es para o Prouni come\u00e7am nesta segunda-feira"},"content":{"rendered":"\n<p>As inscri\u00e7\u00f5es para o Programa Universidade Para Todos (Prouni) do primeiro semestre de 2024 come\u00e7am nesta segunda-feira (29). O prazo segue at\u00e9 a pr\u00f3xima quinta-feira (1\u00ba) e elas s\u00e3o feitas exclusivamente pelo Portal \u00danico de Acesso ao Ensino Superior.<\/p>\n\n\n\n<p>Essa edi\u00e7\u00e3o do programa vai ofertar 406.428 bolsas \u2014\u202fsendo 308.977 integrais, o que representa 76% do total oferecido, e 97.451\u202fparciais (50%)\u202f, distribu\u00eddas em\u202f15.482\u202fcursos de 1.028\u202finstitui\u00e7\u00f5es participantes.<\/p>\n\n\n\n<p>Para se inscrever \u00e9 preciso ter realizado pelo menos uma das duas \u00faltimas edi\u00e7\u00f5es do Exame Nacional do Ensino M\u00e9dio (Enem) e ter alcan\u00e7ado, no m\u00ednimo, 450 pontos de m\u00e9dia nas notas das cinco provas do exame.<br>Reda\u00e7\u00e3o do Enem<\/p>\n\n\n\n<p>Al\u00e9m disso, o estudante n\u00e3o pode ter tirado zero na prova de reda\u00e7\u00e3o do Enem e nem ter participado do exame na condi\u00e7\u00e3o de treineiro.<\/p>\n\n\n\n<p>O\u202fprocesso seletivo ter\u00e1 duas chamadas sucessivas.\u202fOs resultados com a lista dos\u202fcandidatos\u202fpr\u00e9-selecionados\u202festar\u00e3o dispon\u00edveis\u202fno Portal\u202f\u00danico de\u202fAcesso ao Ensino Superior\u202fem 6 de fevereiro e em 27 de fevereiro.<br>O programa<\/p>\n\n\n\n<p>O Prouni oferta bolsas de estudo, integrais e parciais (50% do valor da mensalidade), em cursos de gradua\u00e7\u00e3o e sequenciais de forma\u00e7\u00e3o espec\u00edfica, em institui\u00e7\u00f5es de educa\u00e7\u00e3o superior privadas.<\/p>\n\n\n\n<p><strong><em>Fonte: Ag\u00eancia Brasil<\/em><\/strong><\/p>\n","protected":false},"excerpt":{"rendered":"<p>As inscri\u00e7\u00f5es para o Programa Universidade Para Todos (Prouni) do primeiro semestre de 2024 come\u00e7am nesta segunda-feira (29). O prazo<\/p>\n","protected":false},"author":1,"featured_media":4690,"comment_status":"open","ping_status":"open","sticky":false,"template":"","format":"standard","meta":{"footnotes":""},"categories":[2],"tags":[],"class_list":["post-4688","post","type-post","status-publish","format-standard","has-post-thumbnail","hentry","category-noticias"],"_links":{"self":[{"href":"https:\/\/jornaloalvorada.com.br\/site\/wp-json\/wp\/v2\/posts\/4688","targetHints":{"allow":["GET"]}}],"collection":[{"href":"https:\/\/jornaloalvorada.com.br\/site\/wp-json\/wp\/v2\/posts"}],"about":[{"href":"https:\/\/jornaloalvorada.com.br\/site\/wp-json\/wp\/v2\/types\/post"}],"author":[{"embeddable":true,"href":"https:\/\/jornaloalvorada.com.br\/site\/wp-json\/wp\/v2\/users\/1"}],"replies":[{"embeddable":true,"href":"https:\/\/jornaloalvorada.com.br\/site\/wp-json\/wp\/v2\/comments?post=4688"}],"version-history":[{"count":1,"href":"https:\/\/jornaloalvorada.com.br\/site\/wp-json\/wp\/v2\/posts\/4688\/revisions"}],"predecessor-version":[{"id":4691,"href":"https:\/\/jornaloalvorada.com.br\/site\/wp-json\/wp\/v2\/posts\/4688\/revisions\/4691"}],"wp:featuredmedia":[{"embeddable":true,"href":"https:\/\/jornaloalvorada.com.br\/site\/wp-json\/wp\/v2\/media\/4690"}],"wp:attachment":[{"href":"https:\/\/jornaloalvorada.com.br\/site\/wp-json\/wp\/v2\/media?parent=4688"}],"wp:term":[{"taxonomy":"category","embeddable":true,"href":"https:\/\/jornaloalvorada.com.br\/site\/wp-json\/wp\/v2\/categories?post=4688"},{"taxonomy":"post_tag","embeddable":true,"href":"https:\/\/jornaloalvorada.com.br\/site\/wp-json\/wp\/v2\/tags?post=4688"}],"curies":[{"name":"wp","href":"https:\/\/api.w.org\/{rel}","templated":true}]}}