{"id":4685,"date":"2024-01-29T08:53:48","date_gmt":"2024-01-29T12:53:48","guid":{"rendered":"https:\/\/jornaloalvorada.com.br\/site\/?p=4685"},"modified":"2024-01-29T08:53:51","modified_gmt":"2024-01-29T12:53:51","slug":"a-forca-da-agricultura-familiar","status":"publish","type":"post","link":"https:\/\/jornaloalvorada.com.br\/site\/2024\/01\/29\/a-forca-da-agricultura-familiar\/","title":{"rendered":"A for\u00e7a da agricultura familiar"},"content":{"rendered":"\n<p>Todos n\u00f3s estamos cansados de saber que as pequenas empresas s\u00e3o as que trazem os maiores dividendos ao tesouro e ao PIB nacional. A pujan\u00e7a que temos na agricultura familiar gera milh\u00f5es de empregos, mantendo nossa mesa sempre cheia e contribuindo sobremaneira com os impostos, que acabam voltando em benef\u00edcios para toda a popula\u00e7\u00e3o brasileira. Eles n\u00e3o t\u00eam hor\u00e1rio, n\u00e3o t\u00eam domingo nem feriado, pois \u00e9 da produ\u00e7\u00e3o daquilo que bem sabem fazer, cultivar.<\/p>\n\n\n\n<p>Ainda de madrugada, muitas vezes antes de o sol dar as caras no horizonte, eles j\u00e1 est\u00e3o l\u00e1 com as enxadas, foices, fac\u00f5es, motosserras, ro\u00e7adeiras e com as m\u00e3os cheias de calos. N\u00e3o t\u00eam hora, o sol de tirar pica-pau do oco a 40 graus na sombra ou chuvas no lombo, mas n\u00e3o podem parar, pois a natureza tamb\u00e9m n\u00e3o para. N\u00e3o espera para se colher um p\u00e9 de alface, pois se deixar para a manh\u00e3, pode ser tarde.<\/p>\n\n\n\n<p>Sabemos que tudo que se planta tem um ciclo, e este ciclo deve ser respeitado. Os supermercadistas e feirantes est\u00e3o \u00e0 espera de frutas, legumes e folhagens fresquinhas para repassar aos seus clientes. Nas g\u00f4ndolas e expositores das grandes e pequenas feiras e supermercados, a Dona Maria e seu Jos\u00e9 v\u00e3o adquirir o seu alimento do dia. E, sendo assim, os produtores da agricultura familiar s\u00e3o respons\u00e1veis por 75% a 80% da produ\u00e7\u00e3o de todos os alimentos que v\u00e3o \u00e0s nossas mesas.<\/p>\n\n\n\n<p>Se hoje temos as prateleiras dos supermercados abastecidas de tudo um pouco, \u00e9 devido ao esfor\u00e7o dos valorosos e valentes chamados agricultura familiar, que n\u00e3o medem esfor\u00e7os para produzirem alimento para suprir as necessidades de 115 milh\u00f5es de brasileiros. Geralmente, s\u00e3o pequenos produtores que t\u00eam em m\u00e9dia de 2,5 a 8,00 hectares de terra, chamados de assentados, com uma produ\u00e7\u00e3o diversificada, trabalhando com a rota\u00e7\u00e3o de cultura, protegendo a terra, \u00e0s vezes deixando parte dela descansando e recuperando para voltar a produzir.<\/p>\n\n\n\n<p>Eles produzem de tudo um pouco: peixe, r\u00e3, jacar\u00e9, chinchila, coelho, boi, porco, galinha caipira, frango, ovos, carneiro, cabras, leite, queijo, mel, melado, rapadura, mela\u00e7o, cacha\u00e7a artesanal, feij\u00e3o, arroz, milho, batata, mandioca, gergelim, ab\u00f3bora, banana, etc. E com certeza, produzem alimentos mais saud\u00e1veis em compara\u00e7\u00e3o com a produ\u00e7\u00e3o em larga escala, a chamada produ\u00e7\u00e3o comercial. Sem falar na produ\u00e7\u00e3o dos produtos 100% org\u00e2nicos. Hoje, o que \u00e9 produzido pela chamada agricultura familiar representa 60% da agropecu\u00e1ria, 59% do rebanho su\u00edno, 50% das aves, 30% dos bovinos. Quase 90% dos estabelecimentos agropecu\u00e1rios do Brasil pertencem ao grupo de familiares.<\/p>\n\n\n\n<p>O agricultor familiar rural tem uma grande paix\u00e3o pela sua terra. Se pudesse, a levaria no caix\u00e3o, muitas vezes herdada de pai para filho. Este amor \u00e9 t\u00e3o grande que, em entrevistas que fiz para o meu canal no YouTube \u201cNatureza na Veia\u201d, o que ou\u00e7o \u00e9 que eles jamais deixar\u00e3o sua vida no campo para morar na selva de pedra, como chamam as grandes cidades. Eles t\u00eam uma casa especial, e o homem da casa raramente vai para a cidade. Quem vai, geralmente, \u00e9 a esposa ou um dos filhos. N\u00e3o custeiam com barulho da cidade, muita fuma\u00e7a. A \u00fanica fuma\u00e7a aqui na ro\u00e7a \u00e9 do fog\u00e3o a lenha ou quando se torra o caf\u00e9. N\u00e3o temos seis principais na agricultura: 1) org\u00e2nica, 2) tradicional, 3) patronal, 4) familiar, 5) moderna e 6) os chamados meieiros, onde o dono entra com as terras e o produtor com o conhecimento, e o que produzir ser\u00e1 dividido 50% para cada. Muitos trabalham em terras totalmente irregulares. Este costume de arrendar terras j\u00e1 acontece h\u00e1 milhares de anos.<\/p>\n\n\n\n<p>O Pronaf (Programa de Fortalecimento da Agricultura Familiar), criado em 1995 pelo governo federal, tem como objetivo promover o desenvolvimento rural e a seguran\u00e7a alimentar. O principal desafio da agricultura familiar do Brasil \u00e9 o acesso ao cr\u00e9dito. Nem todos conseguem, talvez pela burocracia ou pela falta de projetos elaborados. A assist\u00eancia rural, a garantia de pre\u00e7os m\u00ednimos \u00e9 essencial. Em entrevistas que fiz para meu canal, o pensamento predominante \u00e9 cultivar sem o uso de venenos e agrot\u00f3xicos, que tanto t\u00eam prejudicado a sa\u00fade do povo brasileiro.<\/p>\n\n\n\n<p>De onde voc\u00ea acha que vem ou aparece essa quantidade de doen\u00e7as que assolam a vida de tanta gente? Nossa sa\u00fade vem do que consumimos no dia a dia, com a maioria dos alimentos contaminados. Sem d\u00f3 e piedade, temos que nos preocupar com a chamada revolu\u00e7\u00e3o verde, atrav\u00e9s da permacultura, da agrofloresta, da jun\u00e7\u00e3o de produzir gado, mata, galinha e lavoura, tudo no mesmo espa\u00e7o, um ajudando o outro, eliminando pragas e doen\u00e7as.<\/p>\n\n\n\n<p>Devemos tamb\u00e9m adquirir insumos e adubos mais baratos atrav\u00e9s das compras feitas entre os fornecedores e as cooperativas, diversificando e fazendo rota\u00e7\u00e3o de cultura para manter a terra sempre f\u00e9rtil e assim produzir produtos sempre com melhor qualidade. Al\u00e9m disso, n\u00e3o devemos esquecer de investir em tecnologia no campo, mesmo em pequenos espa\u00e7os, envolvendo filhos, esposas e maridos em cursos, treinamentos e trabalhando em cooperativa, principalmente na hora de comercializar seus produtos, eliminando os atravessadores.<\/p>\n\n\n\n<p>Agora, vamos falar um pouco da conserva\u00e7\u00e3o do solo. Devemos nos preocupar em manter o solo sempre f\u00e9rtil.<\/p>\n\n\n\n<p><strong><em>Fonte: RDM Online<\/em><\/strong><\/p>\n","protected":false},"excerpt":{"rendered":"<p>Todos n\u00f3s estamos cansados de saber que as pequenas empresas s\u00e3o as que trazem os maiores dividendos ao tesouro e<\/p>\n","protected":false},"author":1,"featured_media":4686,"comment_status":"open","ping_status":"open","sticky":false,"template":"","format":"standard","meta":{"footnotes":""},"categories":[2],"tags":[],"class_list":["post-4685","post","type-post","status-publish","format-standard","has-post-thumbnail","hentry","category-noticias"],"_links":{"self":[{"href":"https:\/\/jornaloalvorada.com.br\/site\/wp-json\/wp\/v2\/posts\/4685","targetHints":{"allow":["GET"]}}],"collection":[{"href":"https:\/\/jornaloalvorada.com.br\/site\/wp-json\/wp\/v2\/posts"}],"about":[{"href":"https:\/\/jornaloalvorada.com.br\/site\/wp-json\/wp\/v2\/types\/post"}],"author":[{"embeddable":true,"href":"https:\/\/jornaloalvorada.com.br\/site\/wp-json\/wp\/v2\/users\/1"}],"replies":[{"embeddable":true,"href":"https:\/\/jornaloalvorada.com.br\/site\/wp-json\/wp\/v2\/comments?post=4685"}],"version-history":[{"count":1,"href":"https:\/\/jornaloalvorada.com.br\/site\/wp-json\/wp\/v2\/posts\/4685\/revisions"}],"predecessor-version":[{"id":4687,"href":"https:\/\/jornaloalvorada.com.br\/site\/wp-json\/wp\/v2\/posts\/4685\/revisions\/4687"}],"wp:featuredmedia":[{"embeddable":true,"href":"https:\/\/jornaloalvorada.com.br\/site\/wp-json\/wp\/v2\/media\/4686"}],"wp:attachment":[{"href":"https:\/\/jornaloalvorada.com.br\/site\/wp-json\/wp\/v2\/media?parent=4685"}],"wp:term":[{"taxonomy":"category","embeddable":true,"href":"https:\/\/jornaloalvorada.com.br\/site\/wp-json\/wp\/v2\/categories?post=4685"},{"taxonomy":"post_tag","embeddable":true,"href":"https:\/\/jornaloalvorada.com.br\/site\/wp-json\/wp\/v2\/tags?post=4685"}],"curies":[{"name":"wp","href":"https:\/\/api.w.org\/{rel}","templated":true}]}}