{"id":4682,"date":"2024-01-29T08:36:07","date_gmt":"2024-01-29T12:36:07","guid":{"rendered":"https:\/\/jornaloalvorada.com.br\/site\/?p=4682"},"modified":"2024-01-29T08:36:11","modified_gmt":"2024-01-29T12:36:11","slug":"novo-salario-minimo-leva-mais-brasileiros-a-obrigacao-de-pagarem-imposto-de-renda","status":"publish","type":"post","link":"https:\/\/jornaloalvorada.com.br\/site\/2024\/01\/29\/novo-salario-minimo-leva-mais-brasileiros-a-obrigacao-de-pagarem-imposto-de-renda\/","title":{"rendered":"Novo sal\u00e1rio m\u00ednimo leva mais brasileiros a obriga\u00e7\u00e3o de pagarem imposto de renda"},"content":{"rendered":"\n<p>No in\u00edcio deste ano, o governo federal promoveu uma atualiza\u00e7\u00e3o no valor do sal\u00e1rio m\u00ednimo.<\/p>\n\n\n\n<p>Com o reajuste, que passou de R$ 1.320 para R$ 1.412, a tabela do Imposto de Renda sofreu um impacto significativo.<\/p>\n\n\n\n<p>De acordo com dados da Associa\u00e7\u00e3o Nacional dos Auditores Fiscais da Receita Federal do Brasil (Unafisco Nacional), aqueles que recebem mais de dois sal\u00e1rios m\u00ednimos agora est\u00e3o sujeitos \u00e0 tributa\u00e7\u00e3o.<\/p>\n\n\n\n<p>Como a faixa de isen\u00e7\u00e3o do Imposto de Renda n\u00e3o foi ajustada, indiv\u00edduos com renda a partir de dois sal\u00e1rios m\u00ednimos agora ultrapassam o valor de isen\u00e7\u00e3o, estabelecido em R$ 2.640.<\/p>\n\n\n\n<p>Essa mudan\u00e7a ocorre porque, com o novo sal\u00e1rio m\u00ednimo, a renda daqueles que recebem dois sal\u00e1rios m\u00ednimos aumentou para R$ 2.824, um montante superior \u00e0 faixa de isen\u00e7\u00e3o.<\/p>\n\n\n\n<p>Defasagem na tabela de isen\u00e7\u00e3o do Imposto de Renda \u2013 Proposta da Unafisco<br>Segundo a Unafisco Nacional, a tabela do Imposto de Renda apresenta uma defasagem de 159,57% em todas as faixas de renda, com uma defasagem de 134% na faixa de isen\u00e7\u00e3o.<\/p>\n\n\n\n<p>Isso implica que a parcela de tributa\u00e7\u00e3o para aqueles que ganham at\u00e9 R$ 2.112 deveria ser isenta.<\/p>\n\n\n\n<p>A defasagem foi calculada como a diferen\u00e7a entre a atualiza\u00e7\u00e3o dos valores pela infla\u00e7\u00e3o e o valor mantido constante pelo governo nas faixas.<\/p>\n\n\n\n<p>Essa discrep\u00e2ncia resultou na redu\u00e7\u00e3o do n\u00famero de contribuintes isentos, ao passo que o n\u00famero de pessoas tributadas aumentou.<\/p>\n\n\n\n<p>A tabela revisada proposta pela Unafisco sugere elevar o valor da faixa de isen\u00e7\u00e3o para R$ 4.942,29 ao m\u00eas, o que permitiria que 33 milh\u00f5es de pessoas se enquadrassem nessa faixa.<\/p>\n\n\n\n<p>Atualmente, o n\u00famero de contribuintes com direito \u00e0 isen\u00e7\u00e3o \u00e9 de 19,5 milh\u00f5es.<\/p>\n\n\n\n<p>Revis\u00e3o da tabela do Imposto de Renda<br>Diante do impacto do reajuste do sal\u00e1rio m\u00ednimo na tabela do Imposto de Renda, a Unafisco defende uma revis\u00e3o da tabela.<\/p>\n\n\n\n<p>Com essa atualiza\u00e7\u00e3o, a inten\u00e7\u00e3o \u00e9 adequar a quantidade de contribuintes isentos \u00e0 realidade atual, evitando assim que mais pessoas sejam tributadas de forma injusta.<\/p>\n\n\n\n<p>Com informa\u00e7\u00f5es de O Antagonista.<\/p>\n","protected":false},"excerpt":{"rendered":"<p>No in\u00edcio deste ano, o governo federal promoveu uma atualiza\u00e7\u00e3o no valor do sal\u00e1rio m\u00ednimo. Com o reajuste, que passou<\/p>\n","protected":false},"author":1,"featured_media":4683,"comment_status":"open","ping_status":"open","sticky":false,"template":"","format":"standard","meta":{"footnotes":""},"categories":[2],"tags":[],"class_list":["post-4682","post","type-post","status-publish","format-standard","has-post-thumbnail","hentry","category-noticias"],"_links":{"self":[{"href":"https:\/\/jornaloalvorada.com.br\/site\/wp-json\/wp\/v2\/posts\/4682","targetHints":{"allow":["GET"]}}],"collection":[{"href":"https:\/\/jornaloalvorada.com.br\/site\/wp-json\/wp\/v2\/posts"}],"about":[{"href":"https:\/\/jornaloalvorada.com.br\/site\/wp-json\/wp\/v2\/types\/post"}],"author":[{"embeddable":true,"href":"https:\/\/jornaloalvorada.com.br\/site\/wp-json\/wp\/v2\/users\/1"}],"replies":[{"embeddable":true,"href":"https:\/\/jornaloalvorada.com.br\/site\/wp-json\/wp\/v2\/comments?post=4682"}],"version-history":[{"count":1,"href":"https:\/\/jornaloalvorada.com.br\/site\/wp-json\/wp\/v2\/posts\/4682\/revisions"}],"predecessor-version":[{"id":4684,"href":"https:\/\/jornaloalvorada.com.br\/site\/wp-json\/wp\/v2\/posts\/4682\/revisions\/4684"}],"wp:featuredmedia":[{"embeddable":true,"href":"https:\/\/jornaloalvorada.com.br\/site\/wp-json\/wp\/v2\/media\/4683"}],"wp:attachment":[{"href":"https:\/\/jornaloalvorada.com.br\/site\/wp-json\/wp\/v2\/media?parent=4682"}],"wp:term":[{"taxonomy":"category","embeddable":true,"href":"https:\/\/jornaloalvorada.com.br\/site\/wp-json\/wp\/v2\/categories?post=4682"},{"taxonomy":"post_tag","embeddable":true,"href":"https:\/\/jornaloalvorada.com.br\/site\/wp-json\/wp\/v2\/tags?post=4682"}],"curies":[{"name":"wp","href":"https:\/\/api.w.org\/{rel}","templated":true}]}}